{"id":2016,"date":"2015-12-13T23:59:26","date_gmt":"2015-12-13T22:59:26","guid":{"rendered":"http:\/\/www.culturalusa.com\/news\/?p=2016"},"modified":"2020-12-17T19:29:06","modified_gmt":"2020-12-17T18:29:06","slug":"195-pays-ont-signe-un-accord-contre-le-rechauffement-climatique","status":"publish","type":"post","link":"https:\/\/www.culturalusa.com\/news\/actualite\/195-pays-ont-signe-un-accord-contre-le-rechauffement-climatique\/","title":{"rendered":"195 pays ont sign\u00e9 un accord contre le r\u00e9chauffement climatique"},"content":{"rendered":"<p>Le Premier ministre indien Narendra Modi a salu\u00e9 dimanche l&rsquo;adoption \u00e0 Paris par 195 pays d&rsquo;un accord pour lutter contre le r\u00e9chauffement de la plan\u00e8te, y voyant une victoire de la justice climatique.<\/p>\n<p>Il n&rsquo;y a ni gagnants ni perdants \u00e0 la conclusion de l&rsquo;accord de Paris. La justice climatique a gagn\u00e9 et nous travaillons tous \u00e0 un avenir plus vert, a d\u00e9clar\u00e9 le dirigeant indien sur son compte Twitter.<\/p>\n<p>Le changement climatique demeure un d\u00e9fi mais l&rsquo;accord de Paris montre comment tous les pays ont relev\u00e9 ce d\u00e9fi et travaill\u00e9 pour trouver une solution, a-t-il \u00e9galement twitt\u00e9.<\/p>\n<p>Les d\u00e9lib\u00e9rations \u00e0 la COP21 et l&rsquo;accord de Paris d\u00e9montrent la sagesse collective des dirigeants mondiaux pour att\u00e9nuer le changement climatique, a-t-il poursuivi.<\/p>\n<p>Les pays r\u00e9unis au Bourget, en banlieue parisienne se sont donn\u00e9 samedi pour objectif de contenir le r\u00e9chauffement bien en de\u00e7\u00e0 de 2\u00b0C pour limiter des d\u00e9r\u00e8glements du climat aux cons\u00e9quences d\u00e9vastatrices.<\/p>\n<p>Deuxi\u00e8me pays le plus peupl\u00e9 du monde avec 1,2 milliard d&rsquo;habitants, l&rsquo;Inde \u00e9tait un des poids lourd des n\u00e9gociations.<\/p>\n<p>Au nom d&rsquo;une justice climatique en faveur des pays les plus pauvres, l&rsquo;Inde demandait notamment que les pays d\u00e9velopp\u00e9s comme les Etats-Unis assument une part plus importante du co\u00fbt de l&rsquo;adaptation aux impacts du changement climatique pour les pays en voie de d\u00e9veloppement.<\/p>\n<p>L&rsquo;Inde est aussi le quatri\u00e8me pollueur de la plan\u00e8te derri\u00e8re la Chine, les Etats-Unis et l&rsquo;Union europ\u00e9enne, avec 6,5% des \u00e9missions de gaz \u00e0 effet de serre.<\/p>\n","protected":false},"excerpt":{"rendered":"<p>Le Premier ministre indien Narendra Modi a salu\u00e9 dimanche l&rsquo;adoption \u00e0 Paris par 195 pays d&rsquo;un accord pour lutter contre le r\u00e9chauffement de la plan\u00e8te, y voyant une victoire de la justice climatique. Il n&rsquo;y a ni gagnants ni perdants \u00e0 la conclusion de l&rsquo;accord de Paris. La justice climatique a gagn\u00e9 et nous travaillons [&hellip;]<\/p>\n","protected":false},"author":1,"featured_media":2093,"comment_status":"open","ping_status":"closed","sticky":false,"template":"","format":"standard","meta":{"footnotes":""},"categories":[30],"tags":[394,208,393],"class_list":["post-2016","post","type-post","status-publish","format-standard","has-post-thumbnail","hentry","category-actualite","tag-changement-climatique","tag-climat","tag-cop-21"],"aioseo_notices":[],"_links":{"self":[{"href":"https:\/\/www.culturalusa.com\/news\/wp-json\/wp\/v2\/posts\/2016","targetHints":{"allow":["GET"]}}],"collection":[{"href":"https:\/\/www.culturalusa.com\/news\/wp-json\/wp\/v2\/posts"}],"about":[{"href":"https:\/\/www.culturalusa.com\/news\/wp-json\/wp\/v2\/types\/post"}],"author":[{"embeddable":true,"href":"https:\/\/www.culturalusa.com\/news\/wp-json\/wp\/v2\/users\/1"}],"replies":[{"embeddable":true,"href":"https:\/\/www.culturalusa.com\/news\/wp-json\/wp\/v2\/comments?post=2016"}],"version-history":[{"count":0,"href":"https:\/\/www.culturalusa.com\/news\/wp-json\/wp\/v2\/posts\/2016\/revisions"}],"wp:featuredmedia":[{"embeddable":true,"href":"https:\/\/www.culturalusa.com\/news\/wp-json\/wp\/v2\/media\/2093"}],"wp:attachment":[{"href":"https:\/\/www.culturalusa.com\/news\/wp-json\/wp\/v2\/media?parent=2016"}],"wp:term":[{"taxonomy":"category","embeddable":true,"href":"https:\/\/www.culturalusa.com\/news\/wp-json\/wp\/v2\/categories?post=2016"},{"taxonomy":"post_tag","embeddable":true,"href":"https:\/\/www.culturalusa.com\/news\/wp-json\/wp\/v2\/tags?post=2016"}],"curies":[{"name":"wp","href":"https:\/\/api.w.org\/{rel}","templated":true}]}}