{"id":2024,"date":"2015-12-18T02:18:31","date_gmt":"2015-12-18T01:18:31","guid":{"rendered":"http:\/\/www.culturalusa.com\/news\/?p=2024"},"modified":"2015-12-18T02:19:01","modified_gmt":"2015-12-18T01:19:01","slug":"au-portugal-lausterite-fait-marche-arriere","status":"publish","type":"post","link":"https:\/\/www.culturalusa.com\/news\/portugal\/au-portugal-lausterite-fait-marche-arriere\/","title":{"rendered":"Au Portugal l&rsquo;aust\u00e9rit\u00e9 fait marche arri\u00e8re"},"content":{"rendered":"<figure id=\"attachment_1962\" aria-describedby=\"caption-attachment-1962\" style=\"width: 467px\" class=\"wp-caption aligncenter\"><img loading=\"lazy\" decoding=\"async\" src=\"http:\/\/www.culturalusa.com\/news\/wp-content\/uploads\/2015\/10\/antonio-costa.jpg\" alt=\"Premier ministre portugais : Antonio Costa (PS)\" width=\"467\" height=\"286\" class=\"size-full wp-image-1962\" srcset=\"https:\/\/www.culturalusa.com\/news\/wp-content\/uploads\/2015\/10\/antonio-costa.jpg 467w, https:\/\/www.culturalusa.com\/news\/wp-content\/uploads\/2015\/10\/antonio-costa-275x168.jpg 275w\" sizes=\"auto, (max-width: 467px) 100vw, 467px\" \/><figcaption id=\"caption-attachment-1962\" class=\"wp-caption-text\">Premier ministre portugais : Antonio Costa (PS)<\/figcaption><\/figure>Le premier ministre portugais Antonio Costa a donn\u00e9 mercredi au Parlement le coup d&rsquo;envoi de l&rsquo;all\u00e8gement de l&rsquo;aust\u00e9rit\u00e9 en annon\u00e7ant l&rsquo;augmentation des retraites et des allocations familiales, des mesures qui doivent \u00eatre adopt\u00e9es aujourd&rsquo;hui par le gouvernement.<\/p>\n<p>\u00ab\u00a0Le gouvernement approuvera cette semaine une augmentation des retraites\u00a0\u00bb, qui conduira \u00e0 \u00ab une r\u00e9\u00e9valuation de deux millions de pensions\u00a0\u00bb, a d\u00e9clar\u00e9 le premier ministre portugais lors d&rsquo;un d\u00e9bat au Parlement.<\/p>\n<p>Le premier ministre socialiste portugais a aussi annonc\u00e9 l&rsquo;augmentation \u00ab\u00a0des trois premiers \u00e9chelons des allocations familiales\u00a0\u00bb, le r\u00e9tablissement d&rsquo;une prestation pour les personnes \u00e2g\u00e9es et d&rsquo;un compl\u00e9ment social d&rsquo;insertion.<\/p>\n<p>\u00ab\u00a0La relance de l&rsquo;\u00e9conomie ne peut se faire sans une am\u00e9lioration du revenu des familles\u00a0\u00bb, a estim\u00e9 le chef de l&rsquo;ex\u00e9cutif devant les parlementaires.<\/p>\n<p>Reconduit lors des l\u00e9gislatives du 4 octobre apr\u00e8s quatre ans d&rsquo;aust\u00e9rit\u00e9, le pr\u00e9c\u00e9dent gouvernement de droite de Pedro Passos Coelho a \u00e9t\u00e9 \u00e9vinc\u00e9 d\u00e9but novembre au Parlement par une alliance in\u00e9dite de la gauche portugaise.<\/p>\n<p>Le gouvernement socialiste qui a pris sa place, soutenu par le Bloc de gauche, proche de Syriza en Gr\u00e8ce, et par le Parti communiste, a promis d&rsquo;assouplir l&rsquo;aust\u00e9rit\u00e9 tout en respectant les r\u00e8gles budg\u00e9taires europ\u00e9ennes.<\/p>\n<p>Mercredi, le PS et les partis de gauche radicale se sont aussi mis d&rsquo;accord en commission parlementaire pour supprimer une surtaxe sur les revenus, d\u00e8s le premier janvier pour les plus bas salaires, de fa\u00e7on graduelle pour les revenus plus \u00e9lev\u00e9s.<\/p>\n<p>Ces partis veulent aussi supprimer des coupes dans les salaires des fonctionnaires, mais divergent encore sur la fa\u00e7on d&rsquo;y parvenir. Le gouvernement a par ailleurs entam\u00e9 ses discussions avec les partenaires sociaux pour augmenter le salaire minimum, aujourd&rsquo;hui de 505 euros mensuels. <\/p>\n<p>Le gouvernement socialiste avait en revanche annonc\u00e9 jeudi son intention de r\u00e9duire la d\u00e9pense publique jusqu&rsquo;\u00e0 la fin de l&rsquo;ann\u00e9e pour passer sous la barre des 3 % de d\u00e9ficit public en 2015, comme l&rsquo;exigent les autorit\u00e9s europ\u00e9ennes. (AFP)<\/p>\n","protected":false},"excerpt":{"rendered":"<p>Le premier ministre portugais Antonio Costa a donn\u00e9 mercredi au Parlement le coup d&rsquo;envoi de l&rsquo;all\u00e8gement de l&rsquo;aust\u00e9rit\u00e9 en annon\u00e7ant l&rsquo;augmentation des retraites et des allocations familiales, des mesures qui doivent \u00eatre adopt\u00e9es aujourd&rsquo;hui par le gouvernement. \u00ab\u00a0Le gouvernement approuvera cette semaine une augmentation des retraites\u00a0\u00bb, qui conduira \u00e0 \u00ab une r\u00e9\u00e9valuation de deux millions [&hellip;]<\/p>\n","protected":false},"author":1,"featured_media":0,"comment_status":"open","ping_status":"closed","sticky":false,"template":"","format":"standard","meta":{"footnotes":""},"categories":[3],"tags":[370,402,403],"class_list":["post-2024","post","type-post","status-publish","format-standard","hentry","category-portugal","tag-antonio-costa","tag-austerite","tag-premier-ministre-portugais"],"aioseo_notices":[],"_links":{"self":[{"href":"https:\/\/www.culturalusa.com\/news\/wp-json\/wp\/v2\/posts\/2024","targetHints":{"allow":["GET"]}}],"collection":[{"href":"https:\/\/www.culturalusa.com\/news\/wp-json\/wp\/v2\/posts"}],"about":[{"href":"https:\/\/www.culturalusa.com\/news\/wp-json\/wp\/v2\/types\/post"}],"author":[{"embeddable":true,"href":"https:\/\/www.culturalusa.com\/news\/wp-json\/wp\/v2\/users\/1"}],"replies":[{"embeddable":true,"href":"https:\/\/www.culturalusa.com\/news\/wp-json\/wp\/v2\/comments?post=2024"}],"version-history":[{"count":0,"href":"https:\/\/www.culturalusa.com\/news\/wp-json\/wp\/v2\/posts\/2024\/revisions"}],"wp:attachment":[{"href":"https:\/\/www.culturalusa.com\/news\/wp-json\/wp\/v2\/media?parent=2024"}],"wp:term":[{"taxonomy":"category","embeddable":true,"href":"https:\/\/www.culturalusa.com\/news\/wp-json\/wp\/v2\/categories?post=2024"},{"taxonomy":"post_tag","embeddable":true,"href":"https:\/\/www.culturalusa.com\/news\/wp-json\/wp\/v2\/tags?post=2024"}],"curies":[{"name":"wp","href":"https:\/\/api.w.org\/{rel}","templated":true}]}}