{"id":2036,"date":"2015-12-31T15:41:59","date_gmt":"2015-12-31T14:41:59","guid":{"rendered":"http:\/\/www.culturalusa.com\/news\/?p=2036"},"modified":"2015-12-31T15:41:59","modified_gmt":"2015-12-31T14:41:59","slug":"la-france-cree-des-comptes-stop-djihadisme-sur-facebook-et-twitter","status":"publish","type":"post","link":"https:\/\/www.culturalusa.com\/news\/actualite\/la-france-cree-des-comptes-stop-djihadisme-sur-facebook-et-twitter\/","title":{"rendered":"La France cr\u00e9e des comptes Stop djihadisme sur Facebook et Twitter"},"content":{"rendered":"<p><img loading=\"lazy\" decoding=\"async\" src=\"http:\/\/www.culturalusa.com\/news\/wp-content\/uploads\/2015\/03\/facebook.jpg\" alt=\"Facebook\" width=\"467\" height=\"277\" class=\"aligncenter size-full wp-image-1702\" srcset=\"https:\/\/www.culturalusa.com\/news\/wp-content\/uploads\/2015\/03\/facebook.jpg 467w, https:\/\/www.culturalusa.com\/news\/wp-content\/uploads\/2015\/03\/facebook-275x163.jpg 275w\" sizes=\"auto, (max-width: 467px) 100vw, 467px\" \/>Le gouvernement fran\u00e7ais a ouvert jeudi des comptes Facebook et Twitter intitul\u00e9s \u00ab\u00a0Stop djihadisme\u00a0\u00bb. Il esp\u00e8re ainsi contrer la propagande des extr\u00e9mistes islamistes sur internet.<\/p>\n<p>\u00ab\u00a0L&rsquo;objectif de cette d\u00e9marche gouvernementale consiste \u00e0 occuper les canaux du web pour contrer la situation quasi monopolistique des \u00e9metteurs terroristes\u00a0\u00bb, explique le Service d&rsquo;information du gouvernement (SIG) dans un communiqu\u00e9.<\/p>\n<p>Il s&rsquo;agit aussi de \u00ab\u00a0d\u00e9monter les m\u00e9canismes d&#8217;embrigadement \u00e0 l&rsquo;origine de centaines de d\u00e9parts de jeunes&#8230; pour la Syrie ou l&rsquo;Irak\u00a0\u00bb, ajoute-t-il. \u00ab\u00a0La guerre des id\u00e9es constitue un \u00e9l\u00e9ment fondamental de notre combat contre Daech et Al Qa\u00efda.\u00a0\u00bb<\/p>\n<p>Une Marianne combattive<\/p>\n<p>Les minist\u00e8res concern\u00e9s contribueront \u00e0 la d\u00e9finition des messages qui seront diffus\u00e9s par ce canal, pr\u00e9cise-t-il. Les deux pages arborent une Marianne, symbole de la R\u00e9publique fran\u00e7aise, martelant du poing le mot \u00ab\u00a0djihadisme\u00a0\u00bb sur fond noir et de drapeau tricolore.<\/p>\n<p>Pour le moment, la page Facebook reprend notamment les discours prononc\u00e9s par le pr\u00e9sident Fran\u00e7ois Hollande et le Premier ministre Manuel Valls apr\u00e8s les attentats du 13 novembre qui ont fait 130 morts \u00e0 Paris.<\/p>\n<p>\u00ab\u00a0Nous avons un ennemi, Daech, que nous devons combattre et \u00e9craser, en Irak, en Syrie et demain sans doute en Libye\u00a0\u00bb, dit Manuel Valls sur Twitter, en rappelant que les premi\u00e8res victimes de l&rsquo;Etat islamique (EI) sont les musulmans.<\/p>\n<p>Mobiliser la soci\u00e9t\u00e9 civile<\/p>\n<p>A l&rsquo;avenir, ces comptes relaieront quotidiennement des rappels \u00e0 la loi, des informations sur l&rsquo;\u00e9volution de la lutte contre le djihadisme sur le terrain militaire, le t\u00e9moignage de victimes et de repentis, le d\u00e9corticage de proc\u00e9d\u00e9s de manipulation et des messages visant \u00e0 enrayer les processus de recrutement de djihadistes.<\/p>\n<p>L&rsquo;enjeu est \u00e9galement de mobiliser la soci\u00e9t\u00e9 civile, ajoute le SIG: \u00ab\u00a0Le gouvernement veut, ainsi, contribuer \u00e0 inciter les citoyens \u00e0 investir la toile pour s&rsquo;opposer aux messages de haine\u00a0\u00bb colport\u00e9s par les r\u00e9seaux sociaux. (AFP)<\/p>\n","protected":false},"excerpt":{"rendered":"<p>Le gouvernement fran\u00e7ais a ouvert jeudi des comptes Facebook et Twitter intitul\u00e9s \u00ab\u00a0Stop djihadisme\u00a0\u00bb. Il esp\u00e8re ainsi contrer la propagande des extr\u00e9mistes islamistes sur internet. \u00ab\u00a0L&rsquo;objectif de cette d\u00e9marche gouvernementale consiste \u00e0 occuper les canaux du web pour contrer la situation quasi monopolistique des \u00e9metteurs terroristes\u00a0\u00bb, explique le Service d&rsquo;information du gouvernement (SIG) dans un [&hellip;]<\/p>\n","protected":false},"author":1,"featured_media":0,"comment_status":"open","ping_status":"closed","sticky":false,"template":"","format":"standard","meta":{"footnotes":""},"categories":[30],"tags":[412,164,116],"class_list":["post-2036","post","type-post","status-publish","format-standard","hentry","category-actualite","tag-etat-islamique","tag-facebook","tag-twitter"],"aioseo_notices":[],"_links":{"self":[{"href":"https:\/\/www.culturalusa.com\/news\/wp-json\/wp\/v2\/posts\/2036","targetHints":{"allow":["GET"]}}],"collection":[{"href":"https:\/\/www.culturalusa.com\/news\/wp-json\/wp\/v2\/posts"}],"about":[{"href":"https:\/\/www.culturalusa.com\/news\/wp-json\/wp\/v2\/types\/post"}],"author":[{"embeddable":true,"href":"https:\/\/www.culturalusa.com\/news\/wp-json\/wp\/v2\/users\/1"}],"replies":[{"embeddable":true,"href":"https:\/\/www.culturalusa.com\/news\/wp-json\/wp\/v2\/comments?post=2036"}],"version-history":[{"count":0,"href":"https:\/\/www.culturalusa.com\/news\/wp-json\/wp\/v2\/posts\/2036\/revisions"}],"wp:attachment":[{"href":"https:\/\/www.culturalusa.com\/news\/wp-json\/wp\/v2\/media?parent=2036"}],"wp:term":[{"taxonomy":"category","embeddable":true,"href":"https:\/\/www.culturalusa.com\/news\/wp-json\/wp\/v2\/categories?post=2036"},{"taxonomy":"post_tag","embeddable":true,"href":"https:\/\/www.culturalusa.com\/news\/wp-json\/wp\/v2\/tags?post=2036"}],"curies":[{"name":"wp","href":"https:\/\/api.w.org\/{rel}","templated":true}]}}