{"id":2046,"date":"2016-01-02T12:25:55","date_gmt":"2016-01-02T11:25:55","guid":{"rendered":"http:\/\/www.culturalusa.com\/news\/?p=2046"},"modified":"2016-01-02T12:25:55","modified_gmt":"2016-01-02T11:25:55","slug":"le-portugal-prepare-le-budget-2016-pour-relancer-une-economie-sans-austerite","status":"publish","type":"post","link":"https:\/\/www.culturalusa.com\/news\/economie\/le-portugal-prepare-le-budget-2016-pour-relancer-une-economie-sans-austerite\/","title":{"rendered":"Le Portugal pr\u00e9pare le budget 2016 pour relancer une \u00e9conomie sans aust\u00e9rit\u00e9"},"content":{"rendered":"<p><img loading=\"lazy\" decoding=\"async\" src=\"http:\/\/www.culturalusa.com\/news\/wp-content\/uploads\/2015\/06\/assembleia-lisbonne.jpg\" alt=\"Assembleia da Republica\" width=\"467\" height=\"290\" class=\"aligncenter size-full wp-image-1824\" srcset=\"https:\/\/www.culturalusa.com\/news\/wp-content\/uploads\/2015\/06\/assembleia-lisbonne.jpg 467w, https:\/\/www.culturalusa.com\/news\/wp-content\/uploads\/2015\/06\/assembleia-lisbonne-275x171.jpg 275w\" sizes=\"auto, (max-width: 467px) 100vw, 467px\" \/>Antonio Costa, Premier ministre socialiste portugais, pr\u00e9sentera dans les prochaines semaines un budget 2016 pour \u00ab\u00a0relancer l&rsquo;\u00e9conomie tout en assouplissant l&rsquo;aust\u00e9rit\u00e9\u00a0\u00bb, a-t-il annonc\u00e9.<\/p>\n<p>\u00ab\u00a0Nous pr\u00e9senterons dans les prochaines semaines, le budget pour 2016 et nous montrerons qu&rsquo;il est possible d&rsquo;arr\u00eater \u00e0 terme l&rsquo;appauvrissement des Portugais, tout en conservant des finances publiques \u00e9quilibr\u00e9es\u00a0\u00bb, a-t-il soulign\u00e9 \u00e0 la tribune et publi\u00e9e dans le journal Diario de Noticias. <\/p>\n<p>Le Premier ministre portugais a notamment revendiqu\u00e9 une augmentation du salaire minimum, actualis\u00e9 \u00e0 530 euros mensuels au premier janvier, la diminution progressive de coupes dans les salaires des fonctionnaires ainsi qu&rsquo;une augmentation annonc\u00e9e des retraites et des allocations familiales.\u00a0\u00bb<\/p>\n<p>L&rsquo;am\u00e9lioration du revenu des familles est n\u00e9cessaire \u00e0 l&rsquo;am\u00e9lioration de l&rsquo;activit\u00e9 \u00e9conomique et \u00e0 la cr\u00e9ation d&#8217;emploi\u00a0\u00bb, a soulign\u00e9 Antonio Costa, ajoutant que la mise en place de \u00ab\u00a0bonnes conditions d&rsquo;investissement pour les entreprises\u00a0\u00bb serait la seconde \u00e9tape de sa politique \u00e9conomique. <\/p>\n<p>Le pr\u00e9c\u00e9dent gouvernement de Pedro Passos Coelho, de droite, avait \u00e9t\u00e9 reconduit lors des l\u00e9gislatives du 4 octobre apr\u00e8s quatre ans d&rsquo;aust\u00e9rit\u00e9, avant d&rsquo;\u00eatre \u00e9cart\u00e9 d\u00e9but novembre au Parlement par une alliance in\u00e9dite de toute la gauche portugaise. <\/p>\n<p>Le nouveau gouvernement socialiste portugais en place, soutenu par le Bloco de Esquerda (Bloc de Gauche), proche de Syriza en Gr\u00e8ce, et par le Parti Communiste. Cette union de gauche, a promis d&rsquo;assouplir l&rsquo;aust\u00e9rit\u00e9 tout en respectant les r\u00e8gles budg\u00e9taires europ\u00e9ennes. <\/p>\n<p>\u00ab\u00a0Depuis quatre ans, l&rsquo;aust\u00e9rit\u00e9 \u00e9tait la seule solution qui dominait.<br \/>\nCe gouvernement et cette majorit\u00e9 parlementaire ont d\u00e9j\u00e0 prouv\u00e9 qu&rsquo;il \u00e9tait possible de gouverner d&rsquo;une autre mani\u00e8re\u00a0\u00bb, a affirm\u00e9 Antonio Costa. <\/p>\n<p>En attendant l&rsquo;adoption du budget 2016, retard\u00e9e en raison des \u00e9lections l\u00e9gislatives. L&rsquo;Etat portugais fonctionnera gr\u00e2ce \u00e0 un report, mois par mois, du budget de 2015.<\/p>\n","protected":false},"excerpt":{"rendered":"<p>Antonio Costa, Premier ministre socialiste portugais, pr\u00e9sentera dans les prochaines semaines un budget 2016 pour \u00ab\u00a0relancer l&rsquo;\u00e9conomie tout en assouplissant l&rsquo;aust\u00e9rit\u00e9\u00a0\u00bb, a-t-il annonc\u00e9. \u00ab\u00a0Nous pr\u00e9senterons dans les prochaines semaines, le budget pour 2016 et nous montrerons qu&rsquo;il est possible d&rsquo;arr\u00eater \u00e0 terme l&rsquo;appauvrissement des Portugais, tout en conservant des finances publiques \u00e9quilibr\u00e9es\u00a0\u00bb, a-t-il soulign\u00e9 \u00e0 [&hellip;]<\/p>\n","protected":false},"author":1,"featured_media":0,"comment_status":"open","ping_status":"closed","sticky":false,"template":"","format":"standard","meta":{"footnotes":""},"categories":[1],"tags":[370,420,403,421],"class_list":["post-2046","post","type-post","status-publish","format-standard","hentry","category-economie","tag-antonio-costa","tag-budget-2016","tag-premier-ministre-portugais","tag-relancer-leconomie"],"aioseo_notices":[],"_links":{"self":[{"href":"https:\/\/www.culturalusa.com\/news\/wp-json\/wp\/v2\/posts\/2046","targetHints":{"allow":["GET"]}}],"collection":[{"href":"https:\/\/www.culturalusa.com\/news\/wp-json\/wp\/v2\/posts"}],"about":[{"href":"https:\/\/www.culturalusa.com\/news\/wp-json\/wp\/v2\/types\/post"}],"author":[{"embeddable":true,"href":"https:\/\/www.culturalusa.com\/news\/wp-json\/wp\/v2\/users\/1"}],"replies":[{"embeddable":true,"href":"https:\/\/www.culturalusa.com\/news\/wp-json\/wp\/v2\/comments?post=2046"}],"version-history":[{"count":0,"href":"https:\/\/www.culturalusa.com\/news\/wp-json\/wp\/v2\/posts\/2046\/revisions"}],"wp:attachment":[{"href":"https:\/\/www.culturalusa.com\/news\/wp-json\/wp\/v2\/media?parent=2046"}],"wp:term":[{"taxonomy":"category","embeddable":true,"href":"https:\/\/www.culturalusa.com\/news\/wp-json\/wp\/v2\/categories?post=2046"},{"taxonomy":"post_tag","embeddable":true,"href":"https:\/\/www.culturalusa.com\/news\/wp-json\/wp\/v2\/tags?post=2046"}],"curies":[{"name":"wp","href":"https:\/\/api.w.org\/{rel}","templated":true}]}}