{"id":210,"date":"2012-04-11T08:00:30","date_gmt":"2012-04-11T08:00:30","guid":{"rendered":"http:\/\/www.culturalusa.com\/news\/?p=210"},"modified":"2012-04-13T15:10:53","modified_gmt":"2012-04-13T15:10:53","slug":"passos-coelho-doute-le-retour-aux-marches-en-2013","status":"publish","type":"post","link":"https:\/\/www.culturalusa.com\/news\/portugal\/passos-coelho-doute-le-retour-aux-marches-en-2013\/","title":{"rendered":"Passos Coelho doute le retour aux march\u00e9s en 2013"},"content":{"rendered":"<p><strong><img loading=\"lazy\" decoding=\"async\" class=\"alignleft size-medium wp-image-213\" title=\"Passos Coelho\" src=\"http:\/\/www.culturalusa.com\/news\/wp-content\/uploads\/2012\/04\/passos-coelho-275x167.jpg\" alt=\"\" width=\"275\" height=\"167\" srcset=\"https:\/\/www.culturalusa.com\/news\/wp-content\/uploads\/2012\/04\/passos-coelho-275x167.jpg 275w, https:\/\/www.culturalusa.com\/news\/wp-content\/uploads\/2012\/04\/passos-coelho-480x291.jpg 480w, https:\/\/www.culturalusa.com\/news\/wp-content\/uploads\/2012\/04\/passos-coelho.jpg 510w\" sizes=\"auto, (max-width: 275px) 100vw, 275px\" \/>Passos Coelho doute le retour aux march\u00e9s en 2013.<\/strong><\/p>\n<p><strong>Le Premier ministre Passos Coelho<\/strong> avait d\u00e9clar\u00e9 que le Portugal reviendrait sur les march\u00e9s en 2013.<br \/>\nAujourd&rsquo;hui, il d\u00e9clare \u00e0 un journal allemand qu&rsquo;il existe des doutes, mais aussi que la date n&rsquo;est pas importante.<\/p>\n<p>Le Premier ministre a admis dans une interview au journal allemand \u00ab\u00a0Die Welt\u00a0\u00bb, que le Portugal ne peut pas revenir sur les march\u00e9s en 2013 et a not\u00e9 que, si besoin est, le soutien financier du FMI et l&rsquo;Union europ\u00e9enne est assur\u00e9.<\/p>\n<p>\u00ab\u00a0Je ne sais pas si le Portugal sera de retour sur les march\u00e9s en Septembre 2013 ou plus tard. Bien s\u00fbr, je le souhaite, mais si pour une raison quelconque qui n&rsquo;aurait rien \u00e0 voir avec l&rsquo;application du programme, cela ne fonctionnerait pas, alors le Fonds mon\u00e9taire international (FMI ) et l&rsquo;Union europ\u00e9enne (UE) pourront aider le Portugal. Ils ont d\u00e9j\u00e0 ces garanties\u00a0\u00bb, a d\u00e9clar\u00e9 Pedro Passos Coelho.<\/p>\n<p>Pour le chef du gouvernement, la date n&rsquo;est pas importante, ce qui importe est d&rsquo;assurer notre programme de mesures \u00e9conomiques afin de revenir sur les march\u00e9s.<\/p>\n<p>\u00ab\u00a0Ce n&rsquo;est pas une date fixe. La chose qui est importante c&rsquo;est de pr\u00e9parer le pays \u00e0 une reprise \u00e9conomique. Nous r\u00e9unissons toutes les conditions pour le faire. Quand nous l&rsquo;aurons fait, nous serons serons mieux que maintenant. C&rsquo;est important\u00bb, a d\u00e9clar\u00e9 au journal allemand.<\/p>\n<p>Dans une interview, le Premier ministre portugais a fait valoir \u00ab\u00a0qu&rsquo;il n&rsquo;est pas \u00e9vident que cela puisse signifier un second fond d&rsquo;aide\u00a0\u00bb.<\/p>\n<p><img loading=\"lazy\" decoding=\"async\" class=\"alignleft size-full wp-image-180\" style=\"border: 0pt none;\" title=\"icon-pt\" src=\"http:\/\/www.culturalusa.com\/news\/wp-content\/uploads\/2012\/04\/icon-pt.gif\" alt=\"\" width=\"14\" height=\"14\" \/> <span style=\"color: #800000;\">Passos Coelho duvida de regresso aos mercados em 2013.<\/span><\/p>\n<p>O primeiro-ministro Passos Coelho tinha afirmado que Portugal voltava aos mercados em 2013.<br \/>\nHoje, disse a um jornal alem\u00e3o que j\u00e1 n\u00e3o tem a certeza, mas que a data tamb\u00e9m n\u00e3o \u00e9 importante.<\/p>\n<p>O primeiro-ministro admitiu, numa entrevista ao jornal alem\u00e3o \u00ab\u00a0Die Welt\u00a0\u00bb, que Portugal pode n\u00e3o regressar aos mercados em 2013 e lembrou que se for necess\u00e1rio est\u00e1 garantida a ajuda financeira do FMI e da Uni\u00e3o Europeia.<\/p>\n<p>\u00ab\u00a0Eu n\u00e3o sei se Portugal regressar\u00e1 aos mercados em setembro de 2013 ou mais tarde. Naturalmente que eu quero isso mas, se por qualquer raz\u00e3o que n\u00e3o tenha a ver com a aplica\u00e7\u00e3o do programa, isso n\u00e3o funcionar, ent\u00e3o o Fundo Monet\u00e1rio Internacional (FMI) e a Uni\u00e3o Europeia (UE) manter\u00e3o a ajuda a Portugal. J\u00e1 deram garantias disso\u00a0\u00bb, disse Pedro Passos Coelho.<\/p>\n<p>Para o chefe do Governo, a data n\u00e3o \u00e9 importante, o que importa \u00e9 cumprir o programa de poupan\u00e7a para poder voltar aos mercados.<\/p>\n<p>\u00ab\u00a0N\u00e3o se trata de uma data fixa. O importante \u00e9 preparar o pa\u00eds para uma recupera\u00e7\u00e3o econ\u00f3mica. Estamos a cumprir todas as condi\u00e7\u00f5es do acordo para o fazer. Quando o tivermos cumprido, estaremos melhor do que agora. Isso \u00e9 que \u00e9 importante\u00a0\u00bb, afirmou ao jornal alem\u00e3o.<\/p>\n<p>Na entrevista, o primeiro-ministro portugu\u00eas defendeu que \u00ab\u00a0n\u00e3o \u00e9 claro que isso possa significar um segundo plano de ajudas\u00a0\u00bb.<\/p>\n","protected":false},"excerpt":{"rendered":"<p>Passos Coelho doute le retour aux march\u00e9s en 2013. Le Premier ministre Passos Coelho avait d\u00e9clar\u00e9 que le Portugal reviendrait sur les march\u00e9s en 2013. Aujourd&rsquo;hui, il d\u00e9clare \u00e0 un journal allemand qu&rsquo;il existe des doutes, mais aussi que la date n&rsquo;est pas importante. Le Premier ministre a admis dans une interview au journal allemand [&hellip;]<\/p>\n","protected":false},"author":1,"featured_media":0,"comment_status":"open","ping_status":"closed","sticky":false,"template":"","format":"standard","meta":{"footnotes":""},"categories":[3],"tags":[],"class_list":["post-210","post","type-post","status-publish","format-standard","hentry","category-portugal"],"aioseo_notices":[],"_links":{"self":[{"href":"https:\/\/www.culturalusa.com\/news\/wp-json\/wp\/v2\/posts\/210","targetHints":{"allow":["GET"]}}],"collection":[{"href":"https:\/\/www.culturalusa.com\/news\/wp-json\/wp\/v2\/posts"}],"about":[{"href":"https:\/\/www.culturalusa.com\/news\/wp-json\/wp\/v2\/types\/post"}],"author":[{"embeddable":true,"href":"https:\/\/www.culturalusa.com\/news\/wp-json\/wp\/v2\/users\/1"}],"replies":[{"embeddable":true,"href":"https:\/\/www.culturalusa.com\/news\/wp-json\/wp\/v2\/comments?post=210"}],"version-history":[{"count":0,"href":"https:\/\/www.culturalusa.com\/news\/wp-json\/wp\/v2\/posts\/210\/revisions"}],"wp:attachment":[{"href":"https:\/\/www.culturalusa.com\/news\/wp-json\/wp\/v2\/media?parent=210"}],"wp:term":[{"taxonomy":"category","embeddable":true,"href":"https:\/\/www.culturalusa.com\/news\/wp-json\/wp\/v2\/categories?post=210"},{"taxonomy":"post_tag","embeddable":true,"href":"https:\/\/www.culturalusa.com\/news\/wp-json\/wp\/v2\/tags?post=210"}],"curies":[{"name":"wp","href":"https:\/\/api.w.org\/{rel}","templated":true}]}}