{"id":2148,"date":"2016-01-04T10:47:39","date_gmt":"2016-01-04T09:47:39","guid":{"rendered":"http:\/\/www.culturalusa.com\/news\/?p=2148"},"modified":"2025-09-27T17:28:48","modified_gmt":"2025-09-27T15:28:48","slug":"fermeture-du-pont-doresund-entre-la-suede-et-le-danemark-aux-migrants-sans-papiers","status":"publish","type":"post","link":"https:\/\/www.culturalusa.com\/news\/actualite\/fermeture-du-pont-doresund-entre-la-suede-et-le-danemark-aux-migrants-sans-papiers\/","title":{"rendered":"Fermeture du pont d&rsquo;Oresund entre la Su\u00e8de et le Danemark aux migrants sans papiers"},"content":{"rendered":"<h2>La Su\u00e8de, d\u00e9pass\u00e9e par l&rsquo;afflux de migrants, exige \u00e0 partir de ce lundi une pi\u00e8ce d&rsquo;identit\u00e9 pour franchir en train ou en autocar le pont de l&rsquo;\u00d6resund, principale porte d&rsquo;entr\u00e9e des r\u00e9fugi\u00e9s dans le royaume.<\/h2>\n<blockquote><p>De la responsabilit\u00e9 des transporteurs qui encourent de fortes amendes s&rsquo;ils s&rsquo;y d\u00e9robent, les contr\u00f4les syst\u00e9matiques sont en vigueur depuis minuit dans la gare danoise de Kastrup, dans l&rsquo;a\u00e9roport de Copenhague, d&rsquo;o\u00f9 partent les trains traversant le pont de l&rsquo;\u00d6resund vers la Su\u00e8de. Une trentaine de points de passage ont \u00e9t\u00e9 install\u00e9s.<\/p><\/blockquote>\n<p>Tous les voyageurs d\u00e9sirant se rendre en Su\u00e8de en train ou en autocar doivent pr\u00e9senter une pi\u00e8ce d&rsquo;identit\u00e9 (passeport, carte nationale d&rsquo;identit\u00e9, permis de conduire, etc). Cette mesure concerne \u00e9galement les ferries empruntant le d\u00e9troit de l&rsquo;\u00d6resund.<\/p>\n<p>\u00ab\u00a0Je crois que ces contr\u00f4les d&rsquo;identit\u00e9 seront efficaces. Un plus grand nombre de migrants devront demander l&rsquo;asile dans d&rsquo;autres pays\u00a0\u00bb, assurait le ministre de l&rsquo;Immigration, Morgan Johansson, lors de l&rsquo;annonce de ces contr\u00f4les le 17 d\u00e9cembre.<\/p>\n<p>La Su\u00e8de avait d\u00e9j\u00e0 r\u00e9tabli le 12 novembre les contr\u00f4les \u00e0 ses fronti\u00e8res, concentr\u00e9s sur le pont de l&rsquo;\u00d6resund et les ferries en provenance des ports danois et allemands de la mer Baltique. Mais ils n&rsquo;\u00e9taient r\u00e9alis\u00e9s qu&rsquo;en certains points du trajet et de fa\u00e7on al\u00e9atoire.<\/p>\n<p>Les migrants tentant d&#8217;embarquer sans papiers d&rsquo;identit\u00e9 sont automatiquement refoul\u00e9s, de m\u00eame que ceux en transit vers la Norv\u00e8ge ou la Finlande et qui refusent de d\u00e9poser une demande d&rsquo;asile sur place.<\/p>\n<p>Ces dispositions, conjugu\u00e9es \u00e0 un prochain resserrement des conditions de s\u00e9jour, ont eu un effet imm\u00e9diat, le nombre de nouvelles arriv\u00e9es ayant fortement diminu\u00e9 \u00e0 partir de mi-novembre.<\/p>\n<h3><strong>Mur de Berlin<\/strong><\/h3>\n<p>La Su\u00e8de, qui compte plus de 20% de r\u00e9sidents d&rsquo;origine \u00e9trang\u00e8re, avait jusqu&rsquo;ici ouvert grand sa porte aux r\u00e9fugi\u00e9s. Le royaume scandinave, qui compte 9,8 millions d&rsquo;habitants, en a re\u00e7u plus de 160.000 cette ann\u00e9e et en attend 170.000 l&rsquo;an prochain.<\/p>\n<p>Mais l&rsquo;Office des migrations, qui loge d\u00e9sormais un habitant sur 100 dans le pays, s&rsquo;est retrouv\u00e9 d\u00e9pass\u00e9 et a demand\u00e9 au gouvernement d&rsquo;intervenir.<\/p>\n<p>Les contr\u00f4les d&rsquo;identit\u00e9 syst\u00e9matiques devraient avoir une forte incidence sur les communications entre la Su\u00e8de et le Danemark, en particulier sur les 8.600 personnes qui font la navette quotidiennement entre Copenhague et la troisi\u00e8me ville su\u00e9doise, Malm\u00f6.<\/p>\n<p>Les trains seront moins nombreux et des retards de 10 \u00e0 50 minutes sont pr\u00e9vus par rapport aux horaires habituels.<\/p>\n<p>Une cl\u00f4ture de deux m\u00e8tres de haut et plusieurs centaines de m\u00e8tres de long a par ailleurs \u00e9t\u00e9 \u00e9rig\u00e9e en gare de Kastrup pour emp\u00eacher les migrants refoul\u00e9s de se pr\u00e9cipiter vers les trains en partance pour la Su\u00e8de.<\/p>\n<p>\u00ab\u00a0C&rsquo;est comme si on construisait un mur de Berlin\u00a0\u00bb, s&rsquo;est indign\u00e9 Michael Randropp, porte-parole d&rsquo;une association d&rsquo;usagers du pont de l&rsquo;\u00d6resund, cit\u00e9 dimanche par le quotidien su\u00e9dois Dagens Nyheter.<\/p>\n<p>La mesure d\u00e9pla\u00eet aussi fortement au Danemark, qui n&rsquo;a re\u00e7u cette ann\u00e9e que 18.000 demandes d&rsquo;asile et craint que les migrants refoul\u00e9s par la Su\u00e8de ne restent sur son sol. (AFP)<\/p>\n","protected":false},"excerpt":{"rendered":"<p>La Su\u00e8de, d\u00e9pass\u00e9e par l&rsquo;afflux de migrants, exige \u00e0 partir de ce lundi une pi\u00e8ce d&rsquo;identit\u00e9 pour franchir en train ou en autocar le pont de l&rsquo;\u00d6resund, principale porte d&rsquo;entr\u00e9e des r\u00e9fugi\u00e9s dans le royaume. De la responsabilit\u00e9 des transporteurs qui encourent de fortes amendes s&rsquo;ils s&rsquo;y d\u00e9robent, les contr\u00f4les syst\u00e9matiques sont en vigueur depuis [&hellip;]<\/p>\n","protected":false},"author":1,"featured_media":2149,"comment_status":"open","ping_status":"closed","sticky":false,"template":"","format":"standard","meta":{"footnotes":""},"categories":[30],"tags":[427,244,425,426],"class_list":["post-2148","post","type-post","status-publish","format-standard","has-post-thumbnail","hentry","category-actualite","tag-danemark","tag-migrants","tag-pont-doresund","tag-suede"],"aioseo_notices":[],"_links":{"self":[{"href":"https:\/\/www.culturalusa.com\/news\/wp-json\/wp\/v2\/posts\/2148","targetHints":{"allow":["GET"]}}],"collection":[{"href":"https:\/\/www.culturalusa.com\/news\/wp-json\/wp\/v2\/posts"}],"about":[{"href":"https:\/\/www.culturalusa.com\/news\/wp-json\/wp\/v2\/types\/post"}],"author":[{"embeddable":true,"href":"https:\/\/www.culturalusa.com\/news\/wp-json\/wp\/v2\/users\/1"}],"replies":[{"embeddable":true,"href":"https:\/\/www.culturalusa.com\/news\/wp-json\/wp\/v2\/comments?post=2148"}],"version-history":[{"count":2,"href":"https:\/\/www.culturalusa.com\/news\/wp-json\/wp\/v2\/posts\/2148\/revisions"}],"predecessor-version":[{"id":13822,"href":"https:\/\/www.culturalusa.com\/news\/wp-json\/wp\/v2\/posts\/2148\/revisions\/13822"}],"wp:featuredmedia":[{"embeddable":true,"href":"https:\/\/www.culturalusa.com\/news\/wp-json\/wp\/v2\/media\/2149"}],"wp:attachment":[{"href":"https:\/\/www.culturalusa.com\/news\/wp-json\/wp\/v2\/media?parent=2148"}],"wp:term":[{"taxonomy":"category","embeddable":true,"href":"https:\/\/www.culturalusa.com\/news\/wp-json\/wp\/v2\/categories?post=2148"},{"taxonomy":"post_tag","embeddable":true,"href":"https:\/\/www.culturalusa.com\/news\/wp-json\/wp\/v2\/tags?post=2148"}],"curies":[{"name":"wp","href":"https:\/\/api.w.org\/{rel}","templated":true}]}}