{"id":2213,"date":"2016-01-11T11:32:12","date_gmt":"2016-01-11T10:32:12","guid":{"rendered":"http:\/\/www.culturalusa.com\/news\/?p=2213"},"modified":"2016-01-11T11:50:01","modified_gmt":"2016-01-11T10:50:01","slug":"volkswagen-presente-ses-excuses-aux-americains-et-fait-un-geste","status":"publish","type":"post","link":"https:\/\/www.culturalusa.com\/news\/actualite\/volkswagen-presente-ses-excuses-aux-americains-et-fait-un-geste\/","title":{"rendered":"Volkswagen pr\u00e9sente ses excuses aux Am\u00e9ricains et fait un geste"},"content":{"rendered":"<p><img loading=\"lazy\" decoding=\"async\" class=\"size-large wp-image-2214 aligncenter\" src=\"http:\/\/www.culturalusa.com\/news\/wp-content\/uploads\/2016\/01\/Volkswagen-matthias-mueller-480x276.jpg\" alt=\"Volkswagen Matthias Mueller\" width=\"470\" height=\"276\" \/>Volkswagen a pr\u00e9sent\u00e9 ses excuses aux Am\u00e9ricains dans le scandale des moteurs diesels et envisage de racheter plus de 100.000 voitures affect\u00e9es par le scandale des moteurs truqu\u00e9s, selon le PDG du groupe automobile allemand.<\/p>\n<p>\u00ab\u00a0Nous sommes conscients que nous avons profond\u00e9ment d\u00e9\u00e7u nos clients, les organismes gouvernementaux et le grand public ici aux Etats-Unis\u00a0\u00bb, a d\u00e9clar\u00e9 \u00e0 Detroit (nord) Matthias M\u00fcller au cours d&rsquo;une r\u00e9ception organis\u00e9e dans le cadre du salon automobile qui s&rsquo;ouvre officiellement lundi.<\/p>\n<p>\u00ab\u00a0Je suis sinc\u00e8rement d\u00e9sol\u00e9. Je m&rsquo;excuse pour ce qui a mal tourn\u00e9 chez Volkswagen\u00a0\u00bb, a d\u00e9clar\u00e9 M. M\u00fcller, lors de sa premi\u00e8re visite sur le sol am\u00e9ricain depuis qu&rsquo;il a pris les commandes de VW en urgence en septembre. \u00ab\u00a0Nous sommes enti\u00e8rement d\u00e9termin\u00e9s \u00e0 r\u00e9parer les choses\u00a0\u00bb, a-t-il promis.<\/p>\n<p>Costume gris sur une chemise bleue claire et cravate \u00e0 pois, le dirigeant, qui s&rsquo;exprimait en anglais, a annonc\u00e9 une refonte en profondeur de la culture interne de Volkswagen et promis un plan strat\u00e9gique de relance \u00e0 \u00ab\u00a0l&rsquo;\u00e9t\u00e9\u00a0\u00bb.<\/p>\n<p>Alors qu&rsquo;il doit rencontrer mercredi, \u00e0 sa demande, la chef de l&rsquo;agence environnementale am\u00e9ricaine de l&rsquo;Environnement (EPA) Gina McCarthy, Matthias M\u00fcller a assur\u00e9 que les \u00ab\u00a0concepts et solutions\u00a0\u00bb de remise aux normes des 600.000 voitures \u00e9quip\u00e9es d&rsquo;un logiciel truqueur pour d\u00e9jouer les normes antipollution am\u00e9ricaines allaient \u00eatre \u00ab\u00a0pr\u00e9sent\u00e9s d\u00e8s qu&rsquo;ils seront approuv\u00e9s par les autorit\u00e9s\u00a0\u00bb.<\/p>\n<p>M. M\u00fcller a confirm\u00e9 \u00e0 l&rsquo;AFP que le groupe envisageait de racheter plus de 100.000 des v\u00e9hicules vis\u00e9s \u00e0 leurs propri\u00e9taires. \u00ab\u00a0Cela fait partie des solutions dont nous voulons discuter avec Madame McCarthy mercredi\u00a0\u00bb, a-t-il dit.<\/p>\n<p>Un peu plus t\u00f4t, une source anonyme proche du dossier avait affirm\u00e9 \u00e0 l&rsquo;AFP que cette option \u00e9tait sur la table et que VW envisageait aussi de proposer un v\u00e9hicule neuf en \u00e9change de leur voiture aux propri\u00e9taires concern\u00e9s.<\/p>\n<p>Une solution technique aurait \u00e9galement \u00e9t\u00e9 trouv\u00e9e pour les autres voitures, avance cette source.<\/p>\n<p>De telles annonces seraient de nature \u00e0 apaiser la frustration des autorit\u00e9s am\u00e9ricaines envers le fabricant des Golf, Polo et Passat, selon les analystes.<\/p>\n<p>\u00ab\u00a0Il est n\u00e9cessaire qu&rsquo;il (Volkswagen) trouve un compromis\u00a0\u00bb avec les autorit\u00e9s am\u00e9ricaines, avance Eric Lyman, du site sp\u00e9cialis\u00e9 dans l&rsquo;automobile TrueCar.<\/p>\n<p>L&rsquo;Autorit\u00e9 de la qualit\u00e9 de l&rsquo;Air de Californie (CARB) doit rendre son avis sur les solutions soumises par Volkswagen le 14 janvier.<\/p>\n<p><strong>900 millions d&rsquo;investissements<\/strong><\/p>\n<p>Aucun rendez-vous n&rsquo;est pr\u00e9vu avec des responsables du d\u00e9partement de la Justice, qui a d\u00e9cid\u00e9 de poursuivre le groupe et ses marques haut de gamme Porsche et Audi.<\/p>\n<p>Le minist\u00e8re leur r\u00e9clame au moins 20 milliards de dollars, soit jusqu&rsquo;\u00e0 37.500 dollars pour chaque v\u00e9hicule affect\u00e9 et au moins 2.750 dollars par logiciel install\u00e9.<\/p>\n<p>Un autre front judiciaire s&rsquo;est ouvert dans une quarantaine d&rsquo;Etats dont New York et le Connecticut (nord-est), qui d\u00e9noncent le manque de coop\u00e9ration du constructeur allemand dans leurs enqu\u00eates, ce qu&rsquo;a r\u00e9cus\u00e9 Matthias M\u00fcller.<\/p>\n<p>\u00ab\u00a0Notre patience a des limites\u00a0\u00bb, a pourtant tonn\u00e9 vendredi le ministre de la Justice de l&rsquo;Etat de New York, Eric Schneiderman, qui accuse le deuxi\u00e8me constructeur mondial de se r\u00e9fugier derri\u00e8re la loi allemande sur la vie priv\u00e9e pour refuser de remettre \u00e0 la justice des courriels et autres communications de ses dirigeants. Ces documents sont pourtant n\u00e9cessaires, selon M. Schneiderman, pour d\u00e9terminer les responsabilit\u00e9s individuelles.<\/p>\n<p>Une enqu\u00eate interne a montr\u00e9 que le \u00ab\u00a0dieselgate\u00a0\u00bb \u00e9tait d\u00fb \u00e0 \u00ab\u00a0un encha\u00eenement d&rsquo;erreurs\u00a0\u00bb commises par le \u00ab\u00a0management interm\u00e9diaire\u00a0\u00bb, a indiqu\u00e9 Volkswagen qui assure coop\u00e9rer \u00ab\u00a0\u00e9troitement avec les autorit\u00e9s am\u00e9ricaines\u00a0\u00bb.<\/p>\n<p>Le groupe allemand a reconnu au total avoir install\u00e9 des logiciels truqueurs dans 11 millions de voitures dans le monde, un scandale qui a fait fondre sa capitalisation boursi\u00e8re et conduit au d\u00e9part de son ex-patron Martin Winterkorn.<\/p>\n<p>Les ventes mondiales de la maison m\u00e8re de VW, Porsche, Audi et de cinq autres marques de voitures (Bentley, Bugatti, Lamborghini, Seat et Skoda) ont baiss\u00e9 l&rsquo;an dernier pour la premi\u00e8re fois depuis 2012 (- 2% \u00e0 9,93 millions unit\u00e9s), lui co\u00fbtant la couronne de premier constructeur mondial que conserve le japonais Toyota.<\/p>\n<p>Malgr\u00e9 ses d\u00e9boires am\u00e9ricains, le constructeur a r\u00e9affirm\u00e9 lundi que les Etats-Unis \u00e9taient un march\u00e9 \u00ab\u00a0cl\u00e9\u00a0\u00bb.<\/p>\n<p>Joignant le geste \u00e0 la parole, il a annonc\u00e9 un investissement de 900 millions de dollars sur la production d&rsquo;un 4X4 de ville (SUV) de moyenne de gamme qui permettrait de cr\u00e9er 2.000 emplois sur le sol am\u00e9ricain. (AFP)<\/p>\n","protected":false},"excerpt":{"rendered":"<p>Volkswagen a pr\u00e9sent\u00e9 ses excuses aux Am\u00e9ricains dans le scandale des moteurs diesels et envisage de racheter plus de 100.000 voitures affect\u00e9es par le scandale des moteurs truqu\u00e9s, selon le PDG du groupe automobile allemand. \u00ab\u00a0Nous sommes conscients que nous avons profond\u00e9ment d\u00e9\u00e7u nos clients, les organismes gouvernementaux et le grand public ici aux Etats-Unis\u00a0\u00bb, [&hellip;]<\/p>\n","protected":false},"author":1,"featured_media":0,"comment_status":"open","ping_status":"closed","sticky":false,"template":"","format":"standard","meta":{"footnotes":""},"categories":[30],"tags":[434,433,359],"class_list":["post-2213","post","type-post","status-publish","format-standard","hentry","category-actualite","tag-matthias-mueller","tag-moteurs-truques","tag-volkswagen"],"aioseo_notices":[],"_links":{"self":[{"href":"https:\/\/www.culturalusa.com\/news\/wp-json\/wp\/v2\/posts\/2213","targetHints":{"allow":["GET"]}}],"collection":[{"href":"https:\/\/www.culturalusa.com\/news\/wp-json\/wp\/v2\/posts"}],"about":[{"href":"https:\/\/www.culturalusa.com\/news\/wp-json\/wp\/v2\/types\/post"}],"author":[{"embeddable":true,"href":"https:\/\/www.culturalusa.com\/news\/wp-json\/wp\/v2\/users\/1"}],"replies":[{"embeddable":true,"href":"https:\/\/www.culturalusa.com\/news\/wp-json\/wp\/v2\/comments?post=2213"}],"version-history":[{"count":0,"href":"https:\/\/www.culturalusa.com\/news\/wp-json\/wp\/v2\/posts\/2213\/revisions"}],"wp:attachment":[{"href":"https:\/\/www.culturalusa.com\/news\/wp-json\/wp\/v2\/media?parent=2213"}],"wp:term":[{"taxonomy":"category","embeddable":true,"href":"https:\/\/www.culturalusa.com\/news\/wp-json\/wp\/v2\/categories?post=2213"},{"taxonomy":"post_tag","embeddable":true,"href":"https:\/\/www.culturalusa.com\/news\/wp-json\/wp\/v2\/tags?post=2213"}],"curies":[{"name":"wp","href":"https:\/\/api.w.org\/{rel}","templated":true}]}}