{"id":2218,"date":"2016-01-18T02:39:39","date_gmt":"2016-01-18T01:39:39","guid":{"rendered":"http:\/\/www.culturalusa.com\/news\/?p=2218"},"modified":"2016-01-18T02:43:22","modified_gmt":"2016-01-18T01:43:22","slug":"milos-zeman-juge-lintegration-des-musulmans-impossible-en-europe","status":"publish","type":"post","link":"https:\/\/www.culturalusa.com\/news\/actualite\/milos-zeman-juge-lintegration-des-musulmans-impossible-en-europe\/","title":{"rendered":"Milos Zeman juge l&rsquo;int\u00e9gration des musulmans impossible en Europe"},"content":{"rendered":"<p><img loading=\"lazy\" decoding=\"async\" src=\"http:\/\/www.culturalusa.com\/news\/wp-content\/uploads\/2016\/01\/Milos-Zeman-480x288.jpg\" alt=\"Milos Zeman\" width=\"470\" height=\"288\" class=\"aligncenter size-large wp-image-2219\" \/>Le pr\u00e9sident tch\u00e8que Milos Zeman, connu pour ses positions anti-immigrants a d\u00e9clar\u00e9 que <strong>l&rsquo;int\u00e9gration de musulmans<\/strong> dans la soci\u00e9t\u00e9 en Europe \u00e9tait \u00ab\u00a0<strong>pratiquement impossible<\/strong>\u00ab\u00a0.<\/p>\n<p>\u00ab\u00a0L&rsquo;exp\u00e9rience des pays de l&rsquo;Europe occidentale o\u00f9 il y a des ghettos et des villages exclus prouve que l&rsquo;int\u00e9gration de la communaut\u00e9 musulmane est pratiquement impossible\u00a0\u00bb, a d\u00e9clar\u00e9 le pr\u00e9sident Zeman dans une vid\u00e9o publi\u00e9e sur le site internet du journal \u00e0 grand tirage Blesk.<\/p>\n<p>\u00ab\u00a0Laissons les vivre leur propre culture dans leur pays et ne l&rsquo;introduisons pas en Europe, sinon cela va se terminer comme \u00e0 Cologne\u00a0\u00bb, a-t-il ajout\u00e9 en r\u00e9f\u00e9rence aux violences contre des femmes lors de la nuit de Saint-Sylvestre dans cette ville allemande.<\/p>\n<p>\u00ab\u00a0L&rsquo;int\u00e9gration est possible avec des cultures similaires et les similarit\u00e9s peuvent varier\u00a0\u00bb, a-t-il ajout\u00e9, soulignant que la communaut\u00e9 ukrainienne ou vietnamienne ont pu s&rsquo;int\u00e9grer dans la soci\u00e9t\u00e9 tch\u00e8que.<\/p>\n<p>Ag\u00e9 de 71 ans, M. Zeman, le pr\u00e9sident tch\u00e8que de gauche, premier chef de l&rsquo;Etat \u00e9lu au suffrage universel, s&rsquo;est oppos\u00e9 \u00e0 plusieurs reprises \u00e0 l&rsquo;accueil de migrants en Europe.<\/p>\n<p>Selon le pr\u00e9sident tch\u00e8que, la confr\u00e9rie des Fr\u00e8res musulmans \u00e9gyptiens \u00e9tait derri\u00e8re l&rsquo;actuelle vague de migrants utilisant des moyens financiers \u00ab\u00a0venus d&rsquo;un certain nombre d&rsquo;Etats\u00a0\u00bb, pour \u00ab\u00a0prendre progressivement le contr\u00f4le de l&rsquo;Europe\u00a0\u00bb.<\/p>\n<p>Fin d\u00e9cembre, le pr\u00e9sident tch\u00e8que a qualifi\u00e9 d'\u00a0\u00bbinvasion organis\u00e9e\u00a0\u00bb l&rsquo;actuelle vague migratoire, invitant les jeunes migrants de Syrie ou d&rsquo;Irak \u00e0 plut\u00f4t \u00ab\u00a0prendre les armes\u00a0\u00bb contre le groupe Etat islamique (EI), dans son message de No\u00ebl. <\/p>\n<p>Selon les chiffres des Nations unies, plus d&rsquo;un million de migrants sont arriv\u00e9es en Europe en 2015, fuyant des conflits arm\u00e9s en Afghanistan, Irak et Syrie.<\/p>\n","protected":false},"excerpt":{"rendered":"<p>Le pr\u00e9sident tch\u00e8que Milos Zeman, connu pour ses positions anti-immigrants a d\u00e9clar\u00e9 que l&rsquo;int\u00e9gration de musulmans dans la soci\u00e9t\u00e9 en Europe \u00e9tait \u00ab\u00a0pratiquement impossible\u00ab\u00a0. \u00ab\u00a0L&rsquo;exp\u00e9rience des pays de l&rsquo;Europe occidentale o\u00f9 il y a des ghettos et des villages exclus prouve que l&rsquo;int\u00e9gration de la communaut\u00e9 musulmane est pratiquement impossible\u00a0\u00bb, a d\u00e9clar\u00e9 le pr\u00e9sident Zeman [&hellip;]<\/p>\n","protected":false},"author":1,"featured_media":0,"comment_status":"open","ping_status":"closed","sticky":false,"template":"","format":"standard","meta":{"footnotes":""},"categories":[30],"tags":[438,437],"class_list":["post-2218","post","type-post","status-publish","format-standard","hentry","category-actualite","tag-anti-immigrants","tag-milos-zeman"],"aioseo_notices":[],"_links":{"self":[{"href":"https:\/\/www.culturalusa.com\/news\/wp-json\/wp\/v2\/posts\/2218","targetHints":{"allow":["GET"]}}],"collection":[{"href":"https:\/\/www.culturalusa.com\/news\/wp-json\/wp\/v2\/posts"}],"about":[{"href":"https:\/\/www.culturalusa.com\/news\/wp-json\/wp\/v2\/types\/post"}],"author":[{"embeddable":true,"href":"https:\/\/www.culturalusa.com\/news\/wp-json\/wp\/v2\/users\/1"}],"replies":[{"embeddable":true,"href":"https:\/\/www.culturalusa.com\/news\/wp-json\/wp\/v2\/comments?post=2218"}],"version-history":[{"count":0,"href":"https:\/\/www.culturalusa.com\/news\/wp-json\/wp\/v2\/posts\/2218\/revisions"}],"wp:attachment":[{"href":"https:\/\/www.culturalusa.com\/news\/wp-json\/wp\/v2\/media?parent=2218"}],"wp:term":[{"taxonomy":"category","embeddable":true,"href":"https:\/\/www.culturalusa.com\/news\/wp-json\/wp\/v2\/categories?post=2218"},{"taxonomy":"post_tag","embeddable":true,"href":"https:\/\/www.culturalusa.com\/news\/wp-json\/wp\/v2\/tags?post=2218"}],"curies":[{"name":"wp","href":"https:\/\/api.w.org\/{rel}","templated":true}]}}