{"id":2225,"date":"2016-01-25T01:15:17","date_gmt":"2016-01-25T00:15:17","guid":{"rendered":"http:\/\/www.culturalusa.com\/news\/?p=2225"},"modified":"2016-01-25T01:15:17","modified_gmt":"2016-01-25T00:15:17","slug":"marcelo-rebelo-de-sousa-elu-president-du-portugal-au-1er-tour","status":"publish","type":"post","link":"https:\/\/www.culturalusa.com\/news\/portugal\/marcelo-rebelo-de-sousa-elu-president-du-portugal-au-1er-tour\/","title":{"rendered":"Marcelo Rebelo de Sousa \u00e9lu pr\u00e9sident du Portugal au 1er tour"},"content":{"rendered":"<p><img loading=\"lazy\" decoding=\"async\" src=\"http:\/\/www.culturalusa.com\/news\/wp-content\/uploads\/2016\/01\/marcelo-rebelo-sousa.jpg\" alt=\"Marcelo Rebelo Sousa\" width=\"470\" height=\"310\" class=\"aligncenter size-full wp-image-2226\" srcset=\"https:\/\/www.culturalusa.com\/news\/wp-content\/uploads\/2016\/01\/marcelo-rebelo-sousa.jpg 470w, https:\/\/www.culturalusa.com\/news\/wp-content\/uploads\/2016\/01\/marcelo-rebelo-sousa-275x181.jpg 275w\" sizes=\"auto, (max-width: 470px) 100vw, 470px\" \/>Le conservateur Marcelo Rebelo de Sousa, 67 ans, a remport\u00e9 dimanche d\u00e8s le premier tour l&rsquo;\u00e9lection pr\u00e9sidentielle au Portugal, selon des r\u00e9sultats officiels portant sur pr\u00e8s de 97% des circonscriptions.<\/p>\n<p>Ce professeur de droit, commentateur vedette de la t\u00e9l\u00e9vision depuis une quinzaine d&rsquo;ann\u00e9es, recueille 52,78% des voix, tr\u00e8s loin devant l&rsquo;ind\u00e9pendant de gauche Antonio Sampaio da Novoa qui obtient 22,17% des suffrages, d&rsquo;apr\u00e8s ces r\u00e9sultats partiels.<\/p>\n<p>Marisa Matias, la candidate du Bloc de gauche, proche de Syriza en Gr\u00e8ce, cr\u00e9e la surprise en se pla\u00e7ant troisi\u00e8me avec 10% des voix, devant l&rsquo;ancienne ministre socialiste Maria de Belem Roseira (4,27%) et le candidat communiste Edgar Silva (3,87%).<\/p>\n<p>M. Rebelo de Sousa, ancien pr\u00e9sident du Parti social-d\u00e9mocrate (centre droit) succ\u00e8de ainsi \u00e0 un autre conservateur, Anibal Cavaco Silva, qui ach\u00e8ve \u00e0 76 ans son deuxi\u00e8me quinquennat cons\u00e9cutif, soit la limite autoris\u00e9e par la Constitution portugaise.<\/p>\n<p>L&rsquo;abstention a quant \u00e0 elle l\u00e9g\u00e8rement recul\u00e9, atteignant entre 52,1%, apr\u00e8s un record \u00e0 53,5% lors du dernier scrutin pr\u00e9sidentiel en 2011.<\/p>\n<p>Si le chef de l&rsquo;Etat portugais n&rsquo;a pas de pouvoir ex\u00e9cutif, il dispose d&rsquo;une pr\u00e9rogative de poids: la dissolution du Parlement, enjeu principal d&rsquo;une campagne qui a assez peu mobilis\u00e9.<\/p>\n<p>Mais, selon les politologues, M. Rebelo de Sousa n&rsquo;aurait l&rsquo;intention de dissoudre le Parlement qu&rsquo;en cas de crise politique ou de rupture de l&rsquo;alliance in\u00e9dite de la gauche n\u00e9e apr\u00e8s les \u00e9lections l\u00e9gislatives du 4 octobre.<\/p>\n<p>L&rsquo;ancien commentateur vedette avait d&rsquo;ailleurs insist\u00e9 sur l&rsquo;ind\u00e9pendance de sa campagne vis-\u00e0-vis de son camp politique, se montrant plut\u00f4t conciliant vis-\u00e0-vis du nouveau Premier ministre socialiste Antonio Costa, alli\u00e9 \u00e0 la gauche radicale.<\/p>\n<p>Le futur pr\u00e9sident pr\u00eatera serment le 9 mars, mais ne pourra pas utiliser son pouvoir de dissolution avant le mois d&rsquo;avril, six mois apr\u00e8s les \u00e9lections l\u00e9gislatives d&rsquo;octobre, selon la Constitution portugaise.<\/p>\n","protected":false},"excerpt":{"rendered":"<p>Le conservateur Marcelo Rebelo de Sousa, 67 ans, a remport\u00e9 dimanche d\u00e8s le premier tour l&rsquo;\u00e9lection pr\u00e9sidentielle au Portugal, selon des r\u00e9sultats officiels portant sur pr\u00e8s de 97% des circonscriptions. Ce professeur de droit, commentateur vedette de la t\u00e9l\u00e9vision depuis une quinzaine d&rsquo;ann\u00e9es, recueille 52,78% des voix, tr\u00e8s loin devant l&rsquo;ind\u00e9pendant de gauche Antonio Sampaio [&hellip;]<\/p>\n","protected":false},"author":1,"featured_media":0,"comment_status":"open","ping_status":"closed","sticky":false,"template":"","format":"standard","meta":{"footnotes":""},"categories":[3],"tags":[440,439],"class_list":["post-2225","post","type-post","status-publish","format-standard","hentry","category-portugal","tag-election-presidentielle-portugal","tag-marcelo-rebelo-de-sousa"],"aioseo_notices":[],"_links":{"self":[{"href":"https:\/\/www.culturalusa.com\/news\/wp-json\/wp\/v2\/posts\/2225","targetHints":{"allow":["GET"]}}],"collection":[{"href":"https:\/\/www.culturalusa.com\/news\/wp-json\/wp\/v2\/posts"}],"about":[{"href":"https:\/\/www.culturalusa.com\/news\/wp-json\/wp\/v2\/types\/post"}],"author":[{"embeddable":true,"href":"https:\/\/www.culturalusa.com\/news\/wp-json\/wp\/v2\/users\/1"}],"replies":[{"embeddable":true,"href":"https:\/\/www.culturalusa.com\/news\/wp-json\/wp\/v2\/comments?post=2225"}],"version-history":[{"count":0,"href":"https:\/\/www.culturalusa.com\/news\/wp-json\/wp\/v2\/posts\/2225\/revisions"}],"wp:attachment":[{"href":"https:\/\/www.culturalusa.com\/news\/wp-json\/wp\/v2\/media?parent=2225"}],"wp:term":[{"taxonomy":"category","embeddable":true,"href":"https:\/\/www.culturalusa.com\/news\/wp-json\/wp\/v2\/categories?post=2225"},{"taxonomy":"post_tag","embeddable":true,"href":"https:\/\/www.culturalusa.com\/news\/wp-json\/wp\/v2\/tags?post=2225"}],"curies":[{"name":"wp","href":"https:\/\/api.w.org\/{rel}","templated":true}]}}