{"id":2228,"date":"2016-01-28T02:39:45","date_gmt":"2016-01-28T01:39:45","guid":{"rendered":"http:\/\/www.culturalusa.com\/news\/?p=2228"},"modified":"2020-12-17T19:38:26","modified_gmt":"2020-12-17T18:38:26","slug":"bruxelles-demande-au-portugal-des-clarifications-concernant-le-budget-2016","status":"publish","type":"post","link":"https:\/\/www.culturalusa.com\/news\/economie\/bruxelles-demande-au-portugal-des-clarifications-concernant-le-budget-2016\/","title":{"rendered":"Bruxelles demande au Portugal des clarifications concernant le budget 2016"},"content":{"rendered":"<p>La Commission europ\u00e9enne a r\u00e9clam\u00e9 au gouvernement socialiste du Portugal des clarifications sur les efforts de r\u00e9duction du d\u00e9ficit pr\u00e9vus dans le projet de budget 2016, dans une lettre publi\u00e9e mercredi par le minist\u00e8re portugais des Finances.<\/p>\n<p>Nous souhaitons conna\u00eetre les raisons qui ont conduit le Portugal \u00e0 proposer une r\u00e9duction du d\u00e9ficit structurel (hors effets de conjoncture) bien en-dessous des recommandations faites par le Conseil europ\u00e9en en juillet, indique la Commission.<\/p>\n<p>Dans son projet, le Portugal s&rsquo;engage \u00e0 r\u00e9duire le d\u00e9ficit structurel de 0,2 point de pourcentage, \u00e0 1,1% du PIB, alors que Bruxelles exige une baisse de 0,6 point.<\/p>\n<p>La Commission demande \u00e0 Lisbonne de clarifier ce sujet au plus tard d&rsquo;ici le 29 janvier, alors que des inspecteurs de la tro\u00efka (UE-FMI-BCE) des cr\u00e9anciers internationaux du Portugal ont entam\u00e9 mercredi une visite de contr\u00f4le \u00e0 Lisbonne.<\/p>\n<p>C&rsquo;est une lettre tout \u00e0 fait normale, qui s&rsquo;inscrit dans notre dialogue avec la Commission europ\u00e9enne, a r\u00e9agi le Premier ministre Antonio Costa, promettant des dissiper les doutes de Bruxelles d&rsquo;ici vendredi.<\/p>\n<p>Le projet transmis \u00e0 Bruxelles vendredi dernier est un budget responsable, qui cr\u00e9e les conditions pour une croissance de l&rsquo;\u00e9conomie et de l&#8217;emploi, une meilleure protection sociale et davantage de rigueur dans la gestion des finances publiques, a-t-il r\u00e9it\u00e9r\u00e9.<\/p>\n<p>Arriv\u00e9 au pouvoir apr\u00e8s les \u00e9lections l\u00e9gislatives d&rsquo;octobre gr\u00e2ce \u00e0 une alliance avec la gauche radicale, le gouvernement socialiste a promis de tourner la page de l&rsquo;aust\u00e9rit\u00e9, tout en respectant les engagements du Portugal envers ses cr\u00e9anciers.<\/p>\n<p>Il a ainsi promis le r\u00e9duire le d\u00e9ficit public du pays \u00e0 2,6% du PIB en 2016, en-dessous du plafond de 3% autoris\u00e9 par Bruxelles.<\/p>\n<p>Dans la lettre sign\u00e9e par Valdis Dombrovskis, vice-pr\u00e9sident de la Commission europ\u00e9enne, et Pierre Moscovici, commissaire europ\u00e9en aux Affaires \u00e9conomiques et financi\u00e8res, Bruxelles semble toutefois doucher les espoirs du Portugal de sortir de la proc\u00e9dure de d\u00e9ficit excessif.<\/p>\n<p>Le d\u00e9ficit excessif n&rsquo;a pas \u00e9t\u00e9 corrig\u00e9 \u00e0 la date butoir de fin 2015, rel\u00e8vent-ils. Toutefois, avant toute d\u00e9cision, la Commission indique attendre les donn\u00e9es d\u00e9finitives de l&rsquo;an dernier.<\/p>\n<p>Le d\u00e9ficit de 2015 aurait d\u00fb se situer \u00e0 3% du PIB, mais il a \u00e9t\u00e9 gonfl\u00e9 en d\u00e9cembre par l&rsquo;injection de 2,3 milliards d&rsquo;euros de fonds publics dans la banque Banif, dans le cadre d&rsquo;un plan de sauvetage. Du coup, le d\u00e9ficit devrait atteindre 4,2%, estime le gouvernement. (AFP)<\/p>\n","protected":false},"excerpt":{"rendered":"<p>La Commission europ\u00e9enne a r\u00e9clam\u00e9 au gouvernement socialiste du Portugal des clarifications sur les efforts de r\u00e9duction du d\u00e9ficit pr\u00e9vus dans le projet de budget 2016, dans une lettre publi\u00e9e mercredi par le minist\u00e8re portugais des Finances. Nous souhaitons conna\u00eetre les raisons qui ont conduit le Portugal \u00e0 proposer une r\u00e9duction du d\u00e9ficit structurel (hors [&hellip;]<\/p>\n","protected":false},"author":1,"featured_media":1124,"comment_status":"open","ping_status":"closed","sticky":false,"template":"","format":"standard","meta":{"footnotes":""},"categories":[1],"tags":[420,180,321],"class_list":["post-2228","post","type-post","status-publish","format-standard","has-post-thumbnail","hentry","category-economie","tag-budget-2016","tag-commission-europeenne","tag-portugal"],"aioseo_notices":[],"_links":{"self":[{"href":"https:\/\/www.culturalusa.com\/news\/wp-json\/wp\/v2\/posts\/2228","targetHints":{"allow":["GET"]}}],"collection":[{"href":"https:\/\/www.culturalusa.com\/news\/wp-json\/wp\/v2\/posts"}],"about":[{"href":"https:\/\/www.culturalusa.com\/news\/wp-json\/wp\/v2\/types\/post"}],"author":[{"embeddable":true,"href":"https:\/\/www.culturalusa.com\/news\/wp-json\/wp\/v2\/users\/1"}],"replies":[{"embeddable":true,"href":"https:\/\/www.culturalusa.com\/news\/wp-json\/wp\/v2\/comments?post=2228"}],"version-history":[{"count":0,"href":"https:\/\/www.culturalusa.com\/news\/wp-json\/wp\/v2\/posts\/2228\/revisions"}],"wp:featuredmedia":[{"embeddable":true,"href":"https:\/\/www.culturalusa.com\/news\/wp-json\/wp\/v2\/media\/1124"}],"wp:attachment":[{"href":"https:\/\/www.culturalusa.com\/news\/wp-json\/wp\/v2\/media?parent=2228"}],"wp:term":[{"taxonomy":"category","embeddable":true,"href":"https:\/\/www.culturalusa.com\/news\/wp-json\/wp\/v2\/categories?post=2228"},{"taxonomy":"post_tag","embeddable":true,"href":"https:\/\/www.culturalusa.com\/news\/wp-json\/wp\/v2\/tags?post=2228"}],"curies":[{"name":"wp","href":"https:\/\/api.w.org\/{rel}","templated":true}]}}