{"id":2229,"date":"2016-01-28T02:44:49","date_gmt":"2016-01-28T01:44:49","guid":{"rendered":"http:\/\/www.culturalusa.com\/news\/?p=2229"},"modified":"2025-10-04T17:06:10","modified_gmt":"2025-10-04T15:06:10","slug":"la-suede-veut-expulser-jusqua-80000-migrants-dasile-deboutes","status":"publish","type":"post","link":"https:\/\/www.culturalusa.com\/news\/actualite\/la-suede-veut-expulser-jusqua-80000-migrants-dasile-deboutes\/","title":{"rendered":"La Su\u00e8de veut expulser jusqu&rsquo;\u00e0 80000 migrants d&rsquo;asile d\u00e9bout\u00e9s"},"content":{"rendered":"<h2>La Su\u00e8de entend expulser jusqu&rsquo;\u00e0 80&rsquo;000 migrants arriv\u00e9s sur son sol en 2015, dont la demande d&rsquo;asile a \u00e9t\u00e9 ou sera rejet\u00e9e, a d\u00e9clar\u00e9 mercredi le ministre su\u00e9dois de l&rsquo;int\u00e9rieur. L&rsquo;an dernier, 163&rsquo;000 requ\u00eates d&rsquo;asile ont \u00e9t\u00e9 d\u00e9pos\u00e9es dans le royaume scandinave.<\/h2>\n<blockquote><p>\u00ab\u00a0On parle de 60&rsquo;000 personnes, mais cela peut monter \u00e0 80&rsquo;000\u00a0\u00bb, a indiqu\u00e9 le ministre Anders Ygeman. Il a pr\u00e9cis\u00e9 que le gouvernement avait demand\u00e9 \u00e0 la police et \u00e0 l&rsquo;office des migrations d&rsquo;organiser ces retours.<\/p><\/blockquote>\n<p>En temps ordinaire, les expulsions s&rsquo;effectuent sur des vols commerciaux, mais compte tenu des nombres \u00e9voqu\u00e9s, \u00ab\u00a0nous allons devoir utiliser plus d&rsquo;avions charters\u00a0\u00bb sp\u00e9cialement affr\u00e9t\u00e9s et les expulsions s&rsquo;\u00e9taleront sur plusieurs ann\u00e9es, a ajout\u00e9 M. Ygeman.<\/p>\n<p>Les 163&rsquo;000 requ\u00eates d&rsquo;asile d\u00e9pos\u00e9es \u00e9quivalent \u00e0 1,3 million de demandes pour un pays de 80 millions d&rsquo;habitants comme l&rsquo;Allemagne, laquelle a re\u00e7u 1,1 million de r\u00e9fugi\u00e9s sur la m\u00eame p\u00e9riode.<\/p>\n<p>Sur les quelque 58&rsquo;800 dossiers trait\u00e9s l&rsquo;an dernier par l&rsquo;office su\u00e9dois, 55% ont \u00e9t\u00e9 accept\u00e9s, moyenne sur laquelle se fonde le ministre de l&rsquo;int\u00e9rieur pour arriver aux 80&rsquo;000 expulsions envisag\u00e9es selon l&rsquo;estimation haute. (AFP)<\/p>\n","protected":false},"excerpt":{"rendered":"<p>La Su\u00e8de entend expulser jusqu&rsquo;\u00e0 80&rsquo;000 migrants arriv\u00e9s sur son sol en 2015, dont la demande d&rsquo;asile a \u00e9t\u00e9 ou sera rejet\u00e9e, a d\u00e9clar\u00e9 mercredi le ministre su\u00e9dois de l&rsquo;int\u00e9rieur. L&rsquo;an dernier, 163&rsquo;000 requ\u00eates d&rsquo;asile ont \u00e9t\u00e9 d\u00e9pos\u00e9es dans le royaume scandinave. \u00ab\u00a0On parle de 60&rsquo;000 personnes, mais cela peut monter \u00e0 80&rsquo;000\u00a0\u00bb, a indiqu\u00e9 [&hellip;]<\/p>\n","protected":false},"author":1,"featured_media":2149,"comment_status":"open","ping_status":"closed","sticky":false,"template":"","format":"standard","meta":{"footnotes":""},"categories":[30],"tags":[244,426],"class_list":["post-2229","post","type-post","status-publish","format-standard","has-post-thumbnail","hentry","category-actualite","tag-migrants","tag-suede"],"aioseo_notices":[],"_links":{"self":[{"href":"https:\/\/www.culturalusa.com\/news\/wp-json\/wp\/v2\/posts\/2229","targetHints":{"allow":["GET"]}}],"collection":[{"href":"https:\/\/www.culturalusa.com\/news\/wp-json\/wp\/v2\/posts"}],"about":[{"href":"https:\/\/www.culturalusa.com\/news\/wp-json\/wp\/v2\/types\/post"}],"author":[{"embeddable":true,"href":"https:\/\/www.culturalusa.com\/news\/wp-json\/wp\/v2\/users\/1"}],"replies":[{"embeddable":true,"href":"https:\/\/www.culturalusa.com\/news\/wp-json\/wp\/v2\/comments?post=2229"}],"version-history":[{"count":2,"href":"https:\/\/www.culturalusa.com\/news\/wp-json\/wp\/v2\/posts\/2229\/revisions"}],"predecessor-version":[{"id":13843,"href":"https:\/\/www.culturalusa.com\/news\/wp-json\/wp\/v2\/posts\/2229\/revisions\/13843"}],"wp:featuredmedia":[{"embeddable":true,"href":"https:\/\/www.culturalusa.com\/news\/wp-json\/wp\/v2\/media\/2149"}],"wp:attachment":[{"href":"https:\/\/www.culturalusa.com\/news\/wp-json\/wp\/v2\/media?parent=2229"}],"wp:term":[{"taxonomy":"category","embeddable":true,"href":"https:\/\/www.culturalusa.com\/news\/wp-json\/wp\/v2\/categories?post=2229"},{"taxonomy":"post_tag","embeddable":true,"href":"https:\/\/www.culturalusa.com\/news\/wp-json\/wp\/v2\/tags?post=2229"}],"curies":[{"name":"wp","href":"https:\/\/api.w.org\/{rel}","templated":true}]}}