{"id":2250,"date":"2016-02-05T21:52:39","date_gmt":"2016-02-05T20:52:39","guid":{"rendered":"http:\/\/www.culturalusa.com\/news\/?p=2250"},"modified":"2021-01-06T21:28:21","modified_gmt":"2021-01-06T20:28:21","slug":"wikileaks-julian-assange-crie-victoire-et-reclame-sa-liberte","status":"publish","type":"post","link":"https:\/\/www.culturalusa.com\/news\/actualite\/wikileaks-julian-assange-crie-victoire-et-reclame-sa-liberte\/","title":{"rendered":"WikiLeaks : Julian Assange crie victoire et r\u00e9clame sa libert\u00e9"},"content":{"rendered":"<p>Julian Assange a cri\u00e9 \u00ab\u00a0victoire\u00a0\u00bb vendredi et appel\u00e9 le Royaume-Uni et la Su\u00e8de \u00e0 le laisser libre apr\u00e8s plus de trois ans de confinement dans l&rsquo;ambassade d&rsquo;Equateur \u00e0 Londres, confort\u00e9 par la d\u00e9cision d&rsquo;un comit\u00e9 de l&rsquo;ONU.<\/p>\n<p>\u00ab\u00a0Victoire!\u00a0\u00bb, a lanc\u00e9 dans l&rsquo;apr\u00e8s-midi le fondateur de WikiLeaks en apparaissant, teint p\u00e2le, en cravate, barbichette et cheveux blancs, au balcon de l&rsquo;ambassade, malgr\u00e9 le rejet par Londres et Stockholm des conclusions de ce comit\u00e9.<\/p>\n<p>\u00ab\u00a0Comme c&rsquo;est bon!\u00a0\u00bb, a-t-il ajout\u00e9, tr\u00e8s \u00e9mu, s&rsquo;adressant \u00e0 un petit groupe de sympathisants. \u00c9voquant ses enfants, il a ajout\u00e9: \u00ab\u00a0Il est temps qu&rsquo;ils retrouvent leur p\u00e8re. Cela arrivera, d&rsquo;une mani\u00e8re ou d&rsquo;une autre\u00a0\u00bb.<\/p>\n<p>Plus t\u00f4t dans la journ\u00e9e, Assange avait appel\u00e9, lors d&rsquo;une conf\u00e9rence de presse, la Su\u00e8de et le Royaume-Uni \u00e0 \u00ab\u00a0appliquer le verdict\u00a0\u00bb du comit\u00e9 de l&rsquo;ONU, affirmant que cette d\u00e9cision \u00e9tait \u00ab\u00a0l\u00e9galement contraignante\u00a0\u00bb.<\/p>\n<p>Ce comit\u00e9 a appel\u00e9 \u00e0 mettre fin \u00e0 sa \u00ab\u00a0d\u00e9tention arbitraire\u00a0\u00bb mais les gouvernements britannique et su\u00e9dois ont imm\u00e9diatement rejet\u00e9 cet avis, Londres laissant entendre qu&rsquo;Assange serait arr\u00eat\u00e9 s&rsquo;il mettait un pied hors de l&rsquo;ambassade.<\/p>\n<p>Julian Assange, 44 ans, a \u00e9t\u00e9 \u00ab\u00a0arbitrairement d\u00e9tenu par la Su\u00e8de et le Royaume-Uni depuis son arrestation \u00e0 Londres le 7 d\u00e9cembre 2010\u00a0\u00bb, a estim\u00e9 le groupe de travail de l&rsquo;ONU sur la d\u00e9tention arbitraire, dans des conclusions publi\u00e9es vendredi \u00e0 Gen\u00e8ve.<\/p>\n<h3>D\u00e9cision \u00ab\u00a0ridicule\u00a0\u00bb pour Londres<\/h3>\n<p>Le comit\u00e9 appelle \u00ab\u00a0les autorit\u00e9s su\u00e9doises et britanniques\u00a0\u00bb \u00e0 \u00ab\u00a0mettre fin \u00e0 sa d\u00e9tention\u00a0\u00bb et \u00e0 respecter son droit \u00e0 \u00eatre \u00ab\u00a0indemnis\u00e9\u00a0\u00bb.<\/p>\n<p>Ces derni\u00e8res ont r\u00e9pliqu\u00e9 que cette d\u00e9cision ne changeait rien, ouvrant le d\u00e9bat sur son caract\u00e8re contraignant ou pas.<\/p>\n<p>\u00ab\u00a0Nous rejetons cat\u00e9goriquement l&rsquo;affirmation selon laquelle Julian Assange est victime d&rsquo;une d\u00e9tention arbitraire\u00a0\u00bb, a dit un porte-parole du gouvernement britannique. \u00ab\u00a0Le Royaume-Uni a d\u00e9j\u00e0 dit clairement aux Nations unies qu&rsquo;il contesterait formellement l&rsquo;opinion de ce groupe de travail\u00a0\u00bb.<\/p>\n<p>Consid\u00e9rant que l&rsquo;Australien, accus\u00e9 de viol par une Su\u00e9doise, est un \u00ab\u00a0fugitif\u00a0\u00bb, le ministre britannique des Affaires \u00e9trang\u00e8res, Philip Hammond, a jug\u00e9 \u00ab\u00a0ridicule\u00a0\u00bb l&rsquo;avis de l&rsquo;ONU.<\/p>\n<p>M\u00eame r\u00e9action \u00e0 Stockholm : \u00ab\u00a0Le gouvernement n&rsquo;est pas d&rsquo;accord\u00a0\u00bb avec ce comit\u00e9, a indiqu\u00e9 le minist\u00e8re des Affaires \u00e9trang\u00e8res.<\/p>\n<p>Un porte-parole de l&rsquo;ONU a temp\u00e9r\u00e9 : \u00ab\u00a0la d\u00e9cision en elle-m\u00eame n&rsquo;est pas contraignante mais elle l&rsquo;est de fa\u00e7on indirecte\u00a0\u00bb, a expliqu\u00e9 \u00e0 l&rsquo;AFP Xabier Celaya.<\/p>\n<p>Les Etats \u00ab\u00a0n&rsquo;ont pas d&rsquo;obligations \u00e0 l&rsquo;\u00e9gard du groupe de travail, mais ils en ont \u00e0 l&rsquo;\u00e9gard des conventions (&#8230;) ils sont li\u00e9s par leurs propres lois et leurs engagements (&#8230;) c&rsquo;est pourquoi la d\u00e9cision est indirectement contraignante\u00a0\u00bb, a-t-il soulign\u00e9.<\/p>\n<p>Un avocat su\u00e9dois d&rsquo;Assange, Thomas Olsson, interrog\u00e9 par l&rsquo;AFP, a fait valoir que \u00ab\u00a0si la Su\u00e8de attend des autres pays qu&rsquo;ils suivent les recommandations de l&rsquo;ONU, alors elle doit elle-m\u00eame respecter ces d\u00e9cisions\u00a0\u00bb.<\/p>\n<p>\u00ab\u00a0Nous pouvons demander au parquet de r\u00e9viser le mandat d&rsquo;arr\u00eat mais nous allons d&rsquo;abord leur laisser une chance de montrer qu&rsquo;ils respectent la d\u00e9cision des Nations unies\u00a0\u00bb, a-t-il soulign\u00e9.<\/p>\n<h3>\u00ab\u00a0Honte \u00e0 la Grande-Bretagne!\u00a0\u00bb<\/h3>\n<p>Quito a affirm\u00e9 de son c\u00f4t\u00e9 qu&rsquo;Assange \u00e9tait fond\u00e9 \u00e0 recouvrer la libert\u00e9, estimant que le lanceur d&rsquo;alerte australien faisait l&rsquo;objet d&rsquo;une \u00ab\u00a0pers\u00e9cution politique\u00a0\u00bb. \u00ab\u00a0Il est temps que les deux gouvernements (britannique et su\u00e9dois, ndlr) corrigent leur erreur\u00a0\u00bb, a d\u00e9clar\u00e9 \u00e0 la presse le ministre des Affaires \u00e9trang\u00e8res Ricardo Pati\u00f1o.<\/p>\n<p>En attendant que la situation s&rsquo;\u00e9claircisse, M. Assange s&rsquo;est gard\u00e9 de sortir de l&rsquo;ambassade, devant laquelle journalistes et sympathisants avaient patient\u00e9 toute la journ\u00e9e dans l&rsquo;espoir de le voir appara\u00eetre.<\/p>\n<p>\u00ab\u00a0Honte \u00e0 la Grande-Bretagne! Nous demandons que Julian Assange puisse se rendre librement \u00e0 l&rsquo;h\u00f4pital pour motifs humanitaires\u00a0\u00bb, a cri\u00e9 Elsa, keffieh palestinien autour du cou, au m\u00e9gaphone.<\/p>\n<p>Personnage controvers\u00e9, d\u00e9fenseur h\u00e9ro\u00efque des libert\u00e9s pour ses fans, \u00e9gocentrique en mal d&rsquo;attention pour ses d\u00e9tracteurs, Julian Assange nie le viol dont on l&rsquo;accuse.<\/p>\n<p>Les magistrats su\u00e9dois ont \u00e9mis contre lui un mandat d&rsquo;arr\u00eat europ\u00e9en et souhaitent l&rsquo;entendre \u00e0 l&rsquo;ambassade d&rsquo;\u00c9quateur.<\/p>\n<p>Assange refuse en effet de se rendre en Su\u00e8de de peur d&rsquo;\u00eatre extrad\u00e9 vers les \u00c9tats-Unis, o\u00f9 il pourrait se voir reprocher la publication par WikiLeaks, en 2010, de 500.000 documents class\u00e9s secret d\u00e9fense sur l&rsquo;Irak et l&rsquo;Afghanistan et 250.000 communications diplomatiques. La principale source des documents publi\u00e9s, le soldat am\u00e9ricain Bradley Manning (devenu Chelsea), a \u00e9t\u00e9 condamn\u00e9 \u00e0 35 ans de prison pour espionnage. (AFP)<\/p>\n","protected":false},"excerpt":{"rendered":"<p>Julian Assange a cri\u00e9 \u00ab\u00a0victoire\u00a0\u00bb vendredi et appel\u00e9 le Royaume-Uni et la Su\u00e8de \u00e0 le laisser libre apr\u00e8s plus de trois ans de confinement dans l&rsquo;ambassade d&rsquo;Equateur \u00e0 Londres, confort\u00e9 par la d\u00e9cision d&rsquo;un comit\u00e9 de l&rsquo;ONU. \u00ab\u00a0Victoire!\u00a0\u00bb, a lanc\u00e9 dans l&rsquo;apr\u00e8s-midi le fondateur de WikiLeaks en apparaissant, teint p\u00e2le, en cravate, barbichette et cheveux [&hellip;]<\/p>\n","protected":false},"author":1,"featured_media":1915,"comment_status":"open","ping_status":"closed","sticky":false,"template":"","format":"standard","meta":{"footnotes":""},"categories":[30],"tags":[329,328],"class_list":["post-2250","post","type-post","status-publish","format-standard","has-post-thumbnail","hentry","category-actualite","tag-julian-assange","tag-wikileaks"],"aioseo_notices":[],"_links":{"self":[{"href":"https:\/\/www.culturalusa.com\/news\/wp-json\/wp\/v2\/posts\/2250","targetHints":{"allow":["GET"]}}],"collection":[{"href":"https:\/\/www.culturalusa.com\/news\/wp-json\/wp\/v2\/posts"}],"about":[{"href":"https:\/\/www.culturalusa.com\/news\/wp-json\/wp\/v2\/types\/post"}],"author":[{"embeddable":true,"href":"https:\/\/www.culturalusa.com\/news\/wp-json\/wp\/v2\/users\/1"}],"replies":[{"embeddable":true,"href":"https:\/\/www.culturalusa.com\/news\/wp-json\/wp\/v2\/comments?post=2250"}],"version-history":[{"count":0,"href":"https:\/\/www.culturalusa.com\/news\/wp-json\/wp\/v2\/posts\/2250\/revisions"}],"wp:featuredmedia":[{"embeddable":true,"href":"https:\/\/www.culturalusa.com\/news\/wp-json\/wp\/v2\/media\/1915"}],"wp:attachment":[{"href":"https:\/\/www.culturalusa.com\/news\/wp-json\/wp\/v2\/media?parent=2250"}],"wp:term":[{"taxonomy":"category","embeddable":true,"href":"https:\/\/www.culturalusa.com\/news\/wp-json\/wp\/v2\/categories?post=2250"},{"taxonomy":"post_tag","embeddable":true,"href":"https:\/\/www.culturalusa.com\/news\/wp-json\/wp\/v2\/tags?post=2250"}],"curies":[{"name":"wp","href":"https:\/\/api.w.org\/{rel}","templated":true}]}}