{"id":2251,"date":"2016-02-05T22:10:20","date_gmt":"2016-02-05T21:10:20","guid":{"rendered":"http:\/\/www.culturalusa.com\/news\/?p=2251"},"modified":"2020-12-17T19:19:52","modified_gmt":"2020-12-17T18:19:52","slug":"bresil-coup-denvoi-du-carnaval-de-rio-au-bresil","status":"publish","type":"post","link":"https:\/\/www.culturalusa.com\/news\/culture\/bresil-coup-denvoi-du-carnaval-de-rio-au-bresil\/","title":{"rendered":"Br\u00e9sil : Coup d&rsquo;envoi du Carnaval de Rio au Br\u00e9sil"},"content":{"rendered":"<p>Danser jour et nuit \u00e0 moiti\u00e9 nus: gr\u00e2ce au carnaval de Rio qui d\u00e9bute vendredi, les Br\u00e9siliens oublieront un temps leurs inqui\u00e9tudes sur la crise \u00e9conomique et le virus Zika, un \u00e9chauffement avant la grande f\u00eate des jeux Olympiques d&rsquo;ao\u00fbt.<\/p>\n<p>Quand le gros roi Momo, symbole de tous les exc\u00e8s et figure tut\u00e9laire du carnaval, recevra vendredi midi les cl\u00e9s de la ville des mains du maire, il d\u00e9cr\u00e8tera \u00ab\u00a0ouvert\u00a0\u00bb le plus grand spectacle \u00e0 ciel ouvert du monde dont l&rsquo;apog\u00e9e sont les deux nuits (dimanche et lundi) de d\u00e9fil\u00e9s des \u00e9coles de samba sur le sambodrome.<\/p>\n<p>Momo ordonnera d&#8217;embl\u00e9e \u00e0 ses sujets de \u00ab\u00a0s&rsquo;amuser\u00a0\u00bb pendant les cinq jours de festivit\u00e9s fr\u00e9n\u00e9tiques dans tous les recoins de la \u00ab\u00a0ville merveilleuse\u00a0\u00bb.<\/p>\n<p>Les autorit\u00e9s estiment que cinq millions de personnes &#8211; dont plus d&rsquo;un million de touristes br\u00e9siliens et \u00e9trangers &#8211; danseront la samba, jour et nuit pour certains, et consommeront des milliers de litres de bi\u00e8re glac\u00e9e pour combattre la chaleur de l&rsquo;\u00e9t\u00e9 austral.<\/p>\n<p>Boud\u00e9 pendant des ann\u00e9es en raison de la violence, le carnaval de rue conna\u00eet un regain depuis la \u00ab\u00a0pacification\u00a0\u00bb de centaines de favelas en vue de la Coupe du monde de football 2014 et des JO de cette ann\u00e9e du 5 au 21 ao\u00fbt.<\/p>\n<p>Au total, 505 \u00ab\u00a0blocos\u00a0\u00bb, ces groupes carnavalesques o\u00f9 l&rsquo;on d\u00e9file d\u00e9guis\u00e9 ou pas au son des percussions et de la samba, prendront d&rsquo;assaut les rues dans le seul but de danser, s&rsquo;amuser et draguer.<\/p>\n<p>Le plus traditionnel \u00ab\u00a0Cordao de Bola Preta\u00a0\u00bb devrait drainer deux millions de personnes samedi matin au centre de Rio.<\/p>\n<p>Les f\u00eatards laisseront derri\u00e8re eux crise et ch\u00f4mage. Premi\u00e8re ville d&rsquo;Am\u00e9rique du Sud \u00e0 accueillir les JO, Rio et son industrie p\u00e9troli\u00e8re souffrent de la chute des prix du brut, d&rsquo;une crise dans la sant\u00e9 publique et de la crainte du virus Zika transmis par un moustique et associ\u00e9 \u00e0 une explosion de cas de microc\u00e9phalies d\u00e9clar\u00e9e comme \u00ab\u00a0urgence de sant\u00e9 publique de port\u00e9e mondiale\u00a0\u00bb par l&rsquo;Organisation mondiale de la Sant\u00e9 (OMS).<\/p>\n<p>\u00ab\u00a0Le carnaval c&rsquo;est pour oublier tout \u00e7a et faire tout ce qu&rsquo;on veut, comme beaucoup d&rsquo;hommes qui se d\u00e9guisent en femmes\u00a0\u00bb, d\u00e9clare \u00e0 l&rsquo;AFP Teresa Curi, vendeuse de d\u00e9guisements de 61 ans, dans la traditionnelle zone commerciale jud\u00e9o-arabe du centre ville.<\/p>\n<p>Les 40 degr\u00e9s ambiants, dans ces ruelles pav\u00e9es o\u00f9 retentissent des sambas de carnaval \u00e0 plein volume et des promesses de rem\u00e8des miracles contre l&rsquo;impuissance, ne d\u00e9couragent pas les retardataires en qu\u00eate d&rsquo;un costume pour faire la f\u00eate.<\/p>\n<p>Mais \u00ab\u00a0la boutique est presque vide alors que les ann\u00e9es pr\u00e9c\u00e9dentes elle \u00e9tait bond\u00e9e \u00e0 cette \u00e9poque\u00a0\u00bb, d\u00e9plore une autre vendeuse de la boutique, Souad Modas, qui vit des 5% de commission sur ses ventes.<\/p>\n<p>\u00ab\u00a0Je vendais pour 60.000 r\u00e9ais en d\u00e9guisements la semaine du carnaval, si j&rsquo;arrive \u00e0 15.000 cette semaine, je serai contente\u00a0\u00bb, dit-elle.<\/p>\n<p><strong>Olympiades et hommage au Santos<\/strong><\/p>\n<p>Non loin de l\u00e0, dans les ateliers de la Cit\u00e9 de la samba, artisans et couturi\u00e8res peaufinent chars et costumes des 12 grandes \u00e9coles de samba qui d\u00e9fileront sur le sambodrome devant 70.000 spectateurs dans l&rsquo;espoir de d\u00e9crocher le titre de \u00ab\u00a0championne du carnaval\u00a0\u00bb.<\/p>\n<p>Des stars du football comme Neymar, 23 ans, du FC Barcelone, actuellement en d\u00e9m\u00eal\u00e9s avec la justice pour \u00e9vasion fiscale, et le roi \u00ab\u00a0Pel\u00e9\u00a0\u00bb, 75 ans, seront c\u00e9l\u00e9br\u00e9s par l&rsquo;\u00e9cole Grande Rio, qui consacre son d\u00e9fil\u00e9 \u00e0 la ville de Santos et son club de football, o\u00f9 sont n\u00e9es ces deux vedettes.<\/p>\n<p>L&rsquo;\u00e9cole Uniao da Ilha a pris pour th\u00e8me les jeux Olympiques, mais son directeur, Marcio Andr\u00e9 Mehry de Souza, ne cache pas son d\u00e9pit \u00e0 l&rsquo;AFP de n&rsquo;avoir obtenu aucun parrainage de la mairie ni du Comit\u00e9 Rio-2016 malgr\u00e9 ce choix.<\/p>\n<p>\u00ab\u00a0La situation est difficile depuis quatre ou cinq ans. Mais cette ann\u00e9e, \u00e7a a \u00e9t\u00e9 pire parce que tout le monde est en crise et que le prix du mat\u00e9riel a augment\u00e9\u00a0\u00bb, d\u00e9plore-t-il. (AFP)<\/p>\n","protected":false},"excerpt":{"rendered":"<p>Danser jour et nuit \u00e0 moiti\u00e9 nus: gr\u00e2ce au carnaval de Rio qui d\u00e9bute vendredi, les Br\u00e9siliens oublieront un temps leurs inqui\u00e9tudes sur la crise \u00e9conomique et le virus Zika, un \u00e9chauffement avant la grande f\u00eate des jeux Olympiques d&rsquo;ao\u00fbt. Quand le gros roi Momo, symbole de tous les exc\u00e8s et figure tut\u00e9laire du carnaval, [&hellip;]<\/p>\n","protected":false},"author":1,"featured_media":2252,"comment_status":"open","ping_status":"closed","sticky":false,"template":"","format":"standard","meta":{"footnotes":""},"categories":[4],"tags":[443,442],"class_list":["post-2251","post","type-post","status-publish","format-standard","has-post-thumbnail","hentry","category-culture","tag-bresil","tag-carnaval-de-rio"],"aioseo_notices":[],"_links":{"self":[{"href":"https:\/\/www.culturalusa.com\/news\/wp-json\/wp\/v2\/posts\/2251","targetHints":{"allow":["GET"]}}],"collection":[{"href":"https:\/\/www.culturalusa.com\/news\/wp-json\/wp\/v2\/posts"}],"about":[{"href":"https:\/\/www.culturalusa.com\/news\/wp-json\/wp\/v2\/types\/post"}],"author":[{"embeddable":true,"href":"https:\/\/www.culturalusa.com\/news\/wp-json\/wp\/v2\/users\/1"}],"replies":[{"embeddable":true,"href":"https:\/\/www.culturalusa.com\/news\/wp-json\/wp\/v2\/comments?post=2251"}],"version-history":[{"count":0,"href":"https:\/\/www.culturalusa.com\/news\/wp-json\/wp\/v2\/posts\/2251\/revisions"}],"wp:featuredmedia":[{"embeddable":true,"href":"https:\/\/www.culturalusa.com\/news\/wp-json\/wp\/v2\/media\/2252"}],"wp:attachment":[{"href":"https:\/\/www.culturalusa.com\/news\/wp-json\/wp\/v2\/media?parent=2251"}],"wp:term":[{"taxonomy":"category","embeddable":true,"href":"https:\/\/www.culturalusa.com\/news\/wp-json\/wp\/v2\/categories?post=2251"},{"taxonomy":"post_tag","embeddable":true,"href":"https:\/\/www.culturalusa.com\/news\/wp-json\/wp\/v2\/tags?post=2251"}],"curies":[{"name":"wp","href":"https:\/\/api.w.org\/{rel}","templated":true}]}}