{"id":2258,"date":"2016-02-06T23:49:13","date_gmt":"2016-02-06T22:49:13","guid":{"rendered":"http:\/\/www.culturalusa.com\/news\/?p=2258"},"modified":"2016-02-06T23:49:13","modified_gmt":"2016-02-06T22:49:13","slug":"mobilisation-contre-les-migrants-dans-les-rues-europeennes","status":"publish","type":"post","link":"https:\/\/www.culturalusa.com\/news\/actualite\/mobilisation-contre-les-migrants-dans-les-rues-europeennes\/","title":{"rendered":"Mobilisation contre les migrants dans les rues europ\u00e9ennes"},"content":{"rendered":"<p><img loading=\"lazy\" decoding=\"async\" src=\"http:\/\/www.culturalusa.com\/news\/wp-content\/uploads\/2016\/02\/alemagne-manif-migrants.jpg\" alt=\"alemagne manif contre les migrants\" width=\"470\" height=\"298\" class=\"aligncenter size-full wp-image-2259\" srcset=\"https:\/\/www.culturalusa.com\/news\/wp-content\/uploads\/2016\/02\/alemagne-manif-migrants.jpg 470w, https:\/\/www.culturalusa.com\/news\/wp-content\/uploads\/2016\/02\/alemagne-manif-migrants-275x174.jpg 275w\" sizes=\"auto, (max-width: 470px) 100vw, 470px\" \/>La grande journ\u00e9e europ\u00e9enne de mobilisation contre les migrants \u00e0 l&rsquo;initiative du mouvement islamophobe allemand Pegida&#8230; Entre 5000 et 8000 personnes se sont r\u00e9unies dans toute l&rsquo;Europe, de Dresde, en Allemagne, \u00e0 Prague, en R\u00e9publique Tch\u00e8que, en passant par Amsterdam, Calais ou encore Dublin.<\/p>\n<p>A Dresde (est de l&rsquo;Allemagne), berceau de Pegida et centre n\u00e9vralgique de cette journ\u00e9e, 15.000 participants \u00e9taient attendus par la police, qui avait mobilis\u00e9 pour l&rsquo;occasion pr\u00e8s de deux mille fonctionnaires et plusieurs canons \u00e0 eau.<\/p>\n<p>D\u00e9jouant ces pr\u00e9visions, entre 6.000 \u00e0 8.000 personnes seulement ont particip\u00e9 \u00e0 cette manifestation sur les bords de l&rsquo;Elbe, le fleuve qui traverse la capitale de la Saxe, selon les calculs d&rsquo;une universit\u00e9 locale sp\u00e9cialis\u00e9e dans l&rsquo;\u00e9valuation des foules.<\/p>\n<p>Pegida, \u00ab\u00a0Patriotes europ\u00e9ens contre l&rsquo;islamisation de l&rsquo;Occident\u00a0\u00bb, mouvement d&rsquo;extr\u00eame droite n\u00e9 en Allemagne \u00e0 l&rsquo;automne 2014, avait appel\u00e9 le 23 janvier \u00e0 manifester dans 14 pays d&rsquo;Europe ce samedi sous le mot d&rsquo;ordre \u00ab\u00a0Forteresse Europe\u00a0\u00bb.<\/p>\n<p>Ironie du sort, son fondateur, Lutz Bachmann, n&rsquo;est pas apparu de la journ\u00e9e, alit\u00e9 pour cause de maladie.<\/p>\n<p>La presse allemande se r\u00e9jouissait de cette faible mobilisation \u00e0 Dresde, mais aussi ailleurs en Europe o\u00f9 des rassemblements similaires ont eu lieu.<\/p>\n<p>Les organisateurs \u00ab\u00a0avaient pr\u00e9vu une journ\u00e9e d&rsquo;action internationale, il n&rsquo;y a finalement eu que de petites marches\u00a0\u00bb, persiflait samedi soir le site d&rsquo;information Spiegel Online.<\/p>\n<p>\u00ab\u00a0La grande journ\u00e9e d&rsquo;action de Pegida a plut\u00f4t fait un flop\u00a0\u00bb, titrait quant \u00e0 lui le quotidien conservateur Frankfurt Allgemeine Zeitung, se moquant de probl\u00e8mes techniques qui ont emp\u00each\u00e9 la diffusion vid\u00e9o des autres manifestations europ\u00e9ennes.<\/p>\n<p><strong>Incidents<\/strong><\/p>\n<p>Quelque 5.000 personnes ont particip\u00e9 samedi dans le coeur historique de Prague \u00e0 un rassemblement contre l&rsquo;islam et l&rsquo;Union europ\u00e9enne organis\u00e9 par deux groupes d&rsquo;extr\u00eame droite, tandis que seules quelques centaines de personnes ont fait le d\u00e9placement \u00e0 Varsovie, Graz (sud de l&rsquo;Autriche) ou encore \u00e0 Birmingham, la deuxi\u00e8me ville du Royaume-Uni.<\/p>\n<p>En parall\u00e8le aussi, quelques milliers de personnes ont manifest\u00e9 en faveur des r\u00e9fugi\u00e9s pour contrer Pegida et leurs alli\u00e9s.<\/p>\n<p>L&rsquo;objectif de ce mouvement \u00e9tait pourtant une d\u00e9monstration de force, \u00e0 un moment o\u00f9, port\u00e9s par l&rsquo;afflux de centaines de milliers de migrants et la crise dans l&rsquo;Union europ\u00e9enne, les populistes voient leur popularit\u00e9 grandir partout sur le Vieux Continent.<\/p>\n<p>Certaines manifestations ont par ailleurs \u00e9t\u00e9 \u00e9maill\u00e9es d&rsquo;incidents. A Calais, o\u00f9 3.700 migrants vivent dans la \u00ab\u00a0Jungle\u00a0\u00bb, le plus grand bidonville de France, une vingtaine de personnes hostiles aux r\u00e9fugi\u00e9s ont \u00e9t\u00e9 interpell\u00e9es.<\/p>\n<p>A Amsterdam, les forces de s\u00e9curit\u00e9 anti\u00e9meute ont arr\u00eat\u00e9 une douzaine de manifestants, partisans ou adversaires de Pegida, \u00e0 l&rsquo;issue d&rsquo;\u00e9chauffour\u00e9es avec des policiers. A Dublin, quelques troubles ont \u00e9t\u00e9 signal\u00e9s. Quatre interpellations ont \u00e9galement eu lieu \u00e0 Prague.<\/p>\n<p><strong>Merkel au centre des critiques<\/strong><\/p>\n<p>Vent debout contre \u00ab\u00a0l&rsquo;immigration de masse et l&rsquo;islamisation\u00a0\u00bb, les manifestants rassembl\u00e9s \u00e0 Dresde s&rsquo;en sont principalement pris \u00e0 la chanceli\u00e8re allemande Angela Merkel, au centre des critiques pour sa politique de main tendue aux migrants.<\/p>\n<p>Dans les autres villes o\u00f9 des rassemblements contre les migrants \u00e9taient organis\u00e9s, les participants ont scand\u00e9 des slogans tels que \u00ab\u00a0Interdire l&rsquo;Islam!\u00a0\u00bb, \u00ab\u00a0Fermer la fronti\u00e8re!\u00a0\u00bb, \u00ab\u00a0Ne permettez pas \u00e0 Bruxelles de d\u00e9truire notre soci\u00e9t\u00e9!\u00a0\u00bb, \u00ab\u00a0Migrants dehors!\u00a0\u00bb ou encore \u00ab\u00a0Halte \u00e0 la merkelisation du pays!\u00a0\u00bb.<\/p>\n<p>En Allemagne, premier pays concern\u00e9 avec 1,1 million de demandeurs d&rsquo;asile en 2015, ce n&rsquo;est cependant plus Pegida qui a le vent en poupe, mais le parti Alternative pour l&rsquo;Allemagne (AfD) qui ne cesse de grimper dans les sondages avant des \u00e9lections r\u00e9gionales cl\u00e9s mi-mars..<\/p>\n<p>Profitant de la crise des migrants, cette formation, qui n&rsquo;avait pas appel\u00e9 \u00e0 manifester, a introduit un discours de droite dure dans le paysage politique, chose longtemps impensable en Allemagne. (AFP)<\/p>\n","protected":false},"excerpt":{"rendered":"<p>La grande journ\u00e9e europ\u00e9enne de mobilisation contre les migrants \u00e0 l&rsquo;initiative du mouvement islamophobe allemand Pegida&#8230; Entre 5000 et 8000 personnes se sont r\u00e9unies dans toute l&rsquo;Europe, de Dresde, en Allemagne, \u00e0 Prague, en R\u00e9publique Tch\u00e8que, en passant par Amsterdam, Calais ou encore Dublin. A Dresde (est de l&rsquo;Allemagne), berceau de Pegida et centre n\u00e9vralgique [&hellip;]<\/p>\n","protected":false},"author":1,"featured_media":0,"comment_status":"open","ping_status":"closed","sticky":false,"template":"","format":"standard","meta":{"footnotes":""},"categories":[30],"tags":[444,244,445],"class_list":["post-2258","post","type-post","status-publish","format-standard","hentry","category-actualite","tag-islamisation","tag-migrants","tag-pegida"],"aioseo_notices":[],"_links":{"self":[{"href":"https:\/\/www.culturalusa.com\/news\/wp-json\/wp\/v2\/posts\/2258","targetHints":{"allow":["GET"]}}],"collection":[{"href":"https:\/\/www.culturalusa.com\/news\/wp-json\/wp\/v2\/posts"}],"about":[{"href":"https:\/\/www.culturalusa.com\/news\/wp-json\/wp\/v2\/types\/post"}],"author":[{"embeddable":true,"href":"https:\/\/www.culturalusa.com\/news\/wp-json\/wp\/v2\/users\/1"}],"replies":[{"embeddable":true,"href":"https:\/\/www.culturalusa.com\/news\/wp-json\/wp\/v2\/comments?post=2258"}],"version-history":[{"count":0,"href":"https:\/\/www.culturalusa.com\/news\/wp-json\/wp\/v2\/posts\/2258\/revisions"}],"wp:attachment":[{"href":"https:\/\/www.culturalusa.com\/news\/wp-json\/wp\/v2\/media?parent=2258"}],"wp:term":[{"taxonomy":"category","embeddable":true,"href":"https:\/\/www.culturalusa.com\/news\/wp-json\/wp\/v2\/categories?post=2258"},{"taxonomy":"post_tag","embeddable":true,"href":"https:\/\/www.culturalusa.com\/news\/wp-json\/wp\/v2\/tags?post=2258"}],"curies":[{"name":"wp","href":"https:\/\/api.w.org\/{rel}","templated":true}]}}