{"id":2275,"date":"2016-02-29T00:33:32","date_gmt":"2016-02-28T23:33:32","guid":{"rendered":"http:\/\/www.culturalusa.com\/news\/?p=2275"},"modified":"2025-07-07T19:12:03","modified_gmt":"2025-07-07T17:12:03","slug":"le-portugal-rachete-1-mds-eur-de-dette-aux-investisseurs","status":"publish","type":"post","link":"https:\/\/www.culturalusa.com\/news\/economie\/le-portugal-rachete-1-mds-eur-de-dette-aux-investisseurs\/","title":{"rendered":"Le Portugal rach\u00e8te 1 mds EUR de dette aux investisseurs"},"content":{"rendered":"<h2>Le Portugal a rachet\u00e9 jeudi 1,075 milliard d&rsquo;euros en obligations arrivant \u00e0 \u00e9ch\u00e9ance entre 2017 et 2019, r\u00e9duisant ainsi le montant de la dette \u00e0 rembourser sur cette p\u00e9riode, a indiqu\u00e9 l&rsquo;agence de la dette.<\/h2>\n<blockquote><p>L&rsquo;Institut de gestion du cr\u00e9dit public (IGCP) a rachet\u00e9 349 millions d&rsquo;euros pour la ligne de cr\u00e9dit arrivant \u00e0 maturit\u00e9 en octobre 2017, 150 millions d&rsquo;euros de titres \u00e0 \u00e9ch\u00e9ance juin 2018 et 576 millions d&rsquo;euros \u00e0 \u00e9ch\u00e9ance juin 2019.<\/p><\/blockquote>\n<p>Le Portugal est parvenu ainsi \u00e0 all\u00e9ger quelque peu la pression sur les remboursements qu&rsquo;il va devoir effectuer dans les prochaines ann\u00e9es.<\/p>\n<p>En rachetant de la dette, le gouvernement socialiste comptait aussi rassurer les march\u00e9s sur ses capacit\u00e9s financi\u00e8res et le niveau suffisant de tr\u00e9sorerie du pays.<\/p>\n<p>\u00ab\u00a0Le Portugal r\u00e9duit ainsi ses besoins de financement pour les prochaines ann\u00e9es. L&rsquo;objectif sera de remplacer ces obligations par des \u00e9missions \u00e0 \u00e9ch\u00e9ance plus longue et \u00e0 des taux inf\u00e9rieurs\u00a0\u00bb, a comment\u00e9 Filipe Silva, strat\u00e9giste obligataire \u00e0 la banque Carregosa.<\/p>\n<p>Le Portugal avait annonc\u00e9 mercredi avoir rembours\u00e9 en f\u00e9vrier avant terme deux milliards d&rsquo;euros au Fonds mon\u00e9taire international (FMI), apr\u00e8s avoir d\u00e9j\u00e0 r\u00e9gl\u00e9 8,4 milliards d&rsquo;euros en 2015.<\/p>\n<p>Dans le cadre de son plan de sauvetage international de 78 milliards d&rsquo;euros accord\u00e9 en 2011 par l&rsquo;Union europ\u00e9enne et le FMI, le Portugal s&rsquo;\u00e9tait vu accorder par l&rsquo;institution bas\u00e9e \u00e0 Washington des pr\u00eats de 29,6 milliards d&rsquo;euros, dont 36% ont d\u00e9sormais \u00e9t\u00e9 rembours\u00e9s.<\/p>\n","protected":false},"excerpt":{"rendered":"<p>Le Portugal a rachet\u00e9 jeudi 1,075 milliard d&rsquo;euros en obligations arrivant \u00e0 \u00e9ch\u00e9ance entre 2017 et 2019, r\u00e9duisant ainsi le montant de la dette \u00e0 rembourser sur cette p\u00e9riode, a indiqu\u00e9 l&rsquo;agence de la dette. L&rsquo;Institut de gestion du cr\u00e9dit public (IGCP) a rachet\u00e9 349 millions d&rsquo;euros pour la ligne de cr\u00e9dit arrivant \u00e0 maturit\u00e9 [&hellip;]<\/p>\n","protected":false},"author":1,"featured_media":1169,"comment_status":"open","ping_status":"closed","sticky":false,"template":"","format":"standard","meta":{"footnotes":""},"categories":[1],"tags":[455,321],"class_list":["post-2275","post","type-post","status-publish","format-standard","has-post-thumbnail","hentry","category-economie","tag-obligations","tag-portugal"],"aioseo_notices":[],"_links":{"self":[{"href":"https:\/\/www.culturalusa.com\/news\/wp-json\/wp\/v2\/posts\/2275","targetHints":{"allow":["GET"]}}],"collection":[{"href":"https:\/\/www.culturalusa.com\/news\/wp-json\/wp\/v2\/posts"}],"about":[{"href":"https:\/\/www.culturalusa.com\/news\/wp-json\/wp\/v2\/types\/post"}],"author":[{"embeddable":true,"href":"https:\/\/www.culturalusa.com\/news\/wp-json\/wp\/v2\/users\/1"}],"replies":[{"embeddable":true,"href":"https:\/\/www.culturalusa.com\/news\/wp-json\/wp\/v2\/comments?post=2275"}],"version-history":[{"count":2,"href":"https:\/\/www.culturalusa.com\/news\/wp-json\/wp\/v2\/posts\/2275\/revisions"}],"predecessor-version":[{"id":13531,"href":"https:\/\/www.culturalusa.com\/news\/wp-json\/wp\/v2\/posts\/2275\/revisions\/13531"}],"wp:featuredmedia":[{"embeddable":true,"href":"https:\/\/www.culturalusa.com\/news\/wp-json\/wp\/v2\/media\/1169"}],"wp:attachment":[{"href":"https:\/\/www.culturalusa.com\/news\/wp-json\/wp\/v2\/media?parent=2275"}],"wp:term":[{"taxonomy":"category","embeddable":true,"href":"https:\/\/www.culturalusa.com\/news\/wp-json\/wp\/v2\/categories?post=2275"},{"taxonomy":"post_tag","embeddable":true,"href":"https:\/\/www.culturalusa.com\/news\/wp-json\/wp\/v2\/tags?post=2275"}],"curies":[{"name":"wp","href":"https:\/\/api.w.org\/{rel}","templated":true}]}}