{"id":2290,"date":"2016-03-11T12:48:02","date_gmt":"2016-03-11T11:48:02","guid":{"rendered":"http:\/\/www.culturalusa.com\/news\/?p=2290"},"modified":"2020-12-17T19:19:02","modified_gmt":"2020-12-17T18:19:02","slug":"lex-president-bresilien-lula-vise-par-une-demande-de-detention-provisoire","status":"publish","type":"post","link":"https:\/\/www.culturalusa.com\/news\/actualite\/lex-president-bresilien-lula-vise-par-une-demande-de-detention-provisoire\/","title":{"rendered":"L&rsquo;ex-pr\u00e9sident br\u00e9silien LULA vis\u00e9 par une demande de d\u00e9tention provisoire"},"content":{"rendered":"<p>Le parquet de Sao Paulo a requis le placement en d\u00e9tention provisoire de l&rsquo;ancien pr\u00e9sident br\u00e9silien Lula da Silva, dont les d\u00e9boires judiciaires assombrissent l&rsquo;horizon de son h\u00e9riti\u00e8re, l&rsquo;actuelle pr\u00e9sidente Dilma Rousseff, embourb\u00e9e dans une crise politique majeure.<\/p>\n<p>Nous requ\u00e9rons la d\u00e9tention pr\u00e9ventive contre Luiz Inacio Lula da Silva, \u00e9crivent les procureurs de Sao Paulo, qui r\u00e9clament par ailleurs l&rsquo;inculpation de l&rsquo;ic\u00f4ne de la gauche br\u00e9silienne pour occultation de patrimoine.<\/p>\n<p>Ils accusent l&rsquo;ancien chef de l&rsquo;Etat (2003-2010) d&rsquo;avoir port\u00e9 atteinte \u00e0 l&rsquo;ordre public en demandant \u00e0 la population de descendre dans les rues pour manifester contre la pers\u00e9cution judiciaire dont il se dit l&rsquo;objet.<\/p>\n<p>Il ne peut en aucun cas inciter la population \u00e0 s&rsquo;insurger contre les investigations criminelles du minist\u00e8re public, la police, pas plus que contre les d\u00e9cisions du pouvoir judiciaire, \u00e9crivent-ils dans un document officiel dont l&rsquo;AFP a obtenu copie.<\/p>\n<p>Il appartiendra \u00e0 une juge de Sao Paulo d\u00e9sormais en charge du dossier de donner suite ou non aux demandes du parquet.<\/p>\n<p>Le procureur donne une nouvelle preuve de sa partialit\u00e9 en sollicitant la prison pr\u00e9ventive, a comment\u00e9 l&rsquo;Institut Lula \u00e0 Sao Paulo, d\u00e9non\u00e7ant une triste tentative d&rsquo;utiliser sa fonction \u00e0 des fins politiques.<\/p>\n<p>L&rsquo;incarc\u00e9ration de Lula serait une ignominie a r\u00e9agi Rui Falcao, le pr\u00e9sident du Parti des Travailleurs (PT, gauche) au pouvoir, fond\u00e9 par Lula.<\/p>\n<p>Le vice-pr\u00e9sident du PSDB, premier parti d&rsquo;opposition, Carlos Sampaio, a \u00e9galement critiqu\u00e9 une demande inhabituelle et sans base solide.<\/p>\n<p>Cela n&rsquo;est pas normal. Que l&rsquo;on fasse un proc\u00e8s \u00e0 Lula c&rsquo;est correct. (&#8230;) Mais ce n&rsquo;est pas parce que nous avons des divergences politiques que je vais vouloir pour lui un traitement diff\u00e9rent de ce que je veux pour tous les citoyens, a-t-il soulign\u00e9.<\/p>\n<p>Ces derniers d\u00e9veloppement interviennent dans un climat politique tr\u00e8s lourd, \u00e0 trois jours des manifestations nationales convoqu\u00e9es par des mouvements d&rsquo;opposition pour r\u00e9clamer le d\u00e9part du pouvoir de Dilma Rousseff, qui est vis\u00e9e par une proc\u00e9dure parlementaire de destitution.<\/p>\n<p>L&rsquo;opposition esp\u00e8re une participation massive pour faire pression sur les d\u00e9put\u00e9s h\u00e9sitants, alors que la majorit\u00e9 parlementaire du camp pr\u00e9sidentiel se d\u00e9lite dangereusement.<\/p>\n<p>Le parquet de Sao Paulo avait requis mercredi soir des poursuites pour blanchiment d&rsquo;argent par le biais d&rsquo;occultation de patrimoine et faux et usage de faux contre Lula, cinq jours \u00e0 peine apr\u00e8s le coup de tonnerre de sa br\u00e8ve mais humiliante interpellation \u00e0 son domicile de Sao Paulo, dans le cadre du gigantesque scandale de corruption Petrobras.<\/p>\n<p>L&rsquo;enqu\u00eate du parquet de Sao Paulo porte sur un appartement triplex \u00e0 Guaruja, une station baln\u00e9aire de l&rsquo;Etat de Sao Paulo.<\/p>\n<p>Celui-ci est au nom d&rsquo;une grande entreprise du b\u00e2timent, OAS, impliqu\u00e9e dans le scandale Petrobras. Mais les procureurs consid\u00e8rent qu&rsquo;il appartient en r\u00e9alit\u00e9 \u00e0 l&rsquo;ancien pr\u00e9sident (2003-2010).<\/p>\n<p>Lula proteste de son innocence, assurant qu&rsquo;il avait pris une option d&rsquo;achat sur cet appartement avant d&rsquo;y renoncer.<\/p>\n<p>Nous avons des preuves document\u00e9es, et des t\u00e9moins, une vingtaine de personnes ont rapport\u00e9 que le triplex de Guaruja \u00e9tait destin\u00e9 \u00e0 l&rsquo;ex-pr\u00e9sident et \u00e0 sa famille, a d\u00e9clar\u00e9 jeudi le procureur Cassio Conserino au cours d&rsquo;une conf\u00e9rence de presse.<\/p>\n<p>Le parquet r\u00e9clame \u00e9galement des poursuites contre l&rsquo;\u00e9pouse de Lula, Marisa, et leur fils Fabio.<\/p>\n<p>A Brasilia, le camp pr\u00e9sidentiel a invit\u00e9 Lula \u00e0 accepter d&rsquo;entrer au gouvernement \u00e0 la t\u00eate d&rsquo;un minist\u00e8re de poids, voyant en lui le seul capable de sortir le gouvernement de l&rsquo;impasse.<\/p>\n<p>Lula \u00e9chapperait par la m\u00eame occasion \u00e0 la justice ordinaire, les ministres ne pouvant compara\u00eetre que devant le Tribunal supr\u00eame f\u00e9d\u00e9ral (STF).<\/p>\n<p>Quelle \u00e9quipe ne voudrait pas aligner Pel\u00e9 sur le terrain ?, a confirm\u00e9 \u00e0 demi-mots le ministre du Secr\u00e9tariat au gouvernement Ricardo Berzoini, en r\u00e9ponse aux questions des journalistes.<\/p>\n<p>L&rsquo;offensive judiciaire contre Lula tombe au plus mauvais moment pour Dilma Rousseff, confront\u00e9e \u00e0 une profonde r\u00e9cession \u00e9conomique, \u00e0 l&rsquo;\u00e9clatement de sa majorit\u00e9 et \u00e0 une fronde parlementaire qui paralyse totalement l&rsquo;action du gouvernement. (AFP)<\/p>\n","protected":false},"excerpt":{"rendered":"<p>Le parquet de Sao Paulo a requis le placement en d\u00e9tention provisoire de l&rsquo;ancien pr\u00e9sident br\u00e9silien Lula da Silva, dont les d\u00e9boires judiciaires assombrissent l&rsquo;horizon de son h\u00e9riti\u00e8re, l&rsquo;actuelle pr\u00e9sidente Dilma Rousseff, embourb\u00e9e dans une crise politique majeure. Nous requ\u00e9rons la d\u00e9tention pr\u00e9ventive contre Luiz Inacio Lula da Silva, \u00e9crivent les procureurs de Sao Paulo, [&hellip;]<\/p>\n","protected":false},"author":1,"featured_media":3793,"comment_status":"open","ping_status":"closed","sticky":false,"template":"","format":"standard","meta":{"footnotes":""},"categories":[30],"tags":[443,464],"class_list":["post-2290","post","type-post","status-publish","format-standard","has-post-thumbnail","hentry","category-actualite","tag-bresil","tag-lula"],"aioseo_notices":[],"_links":{"self":[{"href":"https:\/\/www.culturalusa.com\/news\/wp-json\/wp\/v2\/posts\/2290","targetHints":{"allow":["GET"]}}],"collection":[{"href":"https:\/\/www.culturalusa.com\/news\/wp-json\/wp\/v2\/posts"}],"about":[{"href":"https:\/\/www.culturalusa.com\/news\/wp-json\/wp\/v2\/types\/post"}],"author":[{"embeddable":true,"href":"https:\/\/www.culturalusa.com\/news\/wp-json\/wp\/v2\/users\/1"}],"replies":[{"embeddable":true,"href":"https:\/\/www.culturalusa.com\/news\/wp-json\/wp\/v2\/comments?post=2290"}],"version-history":[{"count":0,"href":"https:\/\/www.culturalusa.com\/news\/wp-json\/wp\/v2\/posts\/2290\/revisions"}],"wp:featuredmedia":[{"embeddable":true,"href":"https:\/\/www.culturalusa.com\/news\/wp-json\/wp\/v2\/media\/3793"}],"wp:attachment":[{"href":"https:\/\/www.culturalusa.com\/news\/wp-json\/wp\/v2\/media?parent=2290"}],"wp:term":[{"taxonomy":"category","embeddable":true,"href":"https:\/\/www.culturalusa.com\/news\/wp-json\/wp\/v2\/categories?post=2290"},{"taxonomy":"post_tag","embeddable":true,"href":"https:\/\/www.culturalusa.com\/news\/wp-json\/wp\/v2\/tags?post=2290"}],"curies":[{"name":"wp","href":"https:\/\/api.w.org\/{rel}","templated":true}]}}