{"id":23,"date":"2012-04-04T16:02:26","date_gmt":"2012-04-04T16:02:26","guid":{"rendered":"http:\/\/www.culturalusa.com\/news\/?p=23"},"modified":"2012-04-13T11:10:00","modified_gmt":"2012-04-13T11:10:00","slug":"la-hausse-du-chomage-au-portugal","status":"publish","type":"post","link":"https:\/\/www.culturalusa.com\/news\/portugal\/la-hausse-du-chomage-au-portugal\/","title":{"rendered":"La hausse du ch\u00f4mage au Portugal"},"content":{"rendered":"<figure id=\"attachment_26\" aria-describedby=\"caption-attachment-26\" style=\"width: 300px\" class=\"wp-caption alignleft\"><img loading=\"lazy\" decoding=\"async\" class=\" wp-image-26\" title=\"Vitor Gaspar\" src=\"http:\/\/www.culturalusa.com\/news\/wp-content\/uploads\/2012\/04\/vitorgaspar-300x200.jpg\" alt=\"\" width=\"300\" height=\"200\" \/><figcaption id=\"caption-attachment-26\" class=\"wp-caption-text\">O ministro das Finan\u00e7as V\u00edtor Gaspar<\/figcaption><\/figure>\n<p><strong>La Commission europ\u00e9enne estime que le programme d&rsquo;assistance au Portugal est \u00ab\u00a0sur la bonne voie\u00a0\u00bb, mais identifie comme un risque \u00ab\u00a0la mont\u00e9e du ch\u00f4mage\u00a0\u00bb et le contr\u00f4le budg\u00e9taire au niveau r\u00e9gional et local.<\/strong><\/p>\n<p>La Commission a pr\u00e9sent\u00e9 un rapport sur la troisi\u00e8me revue de l&rsquo;Union europ\u00e9enne de la \u00ab\u00a0tro\u00efka\u00a0\u00bb, qui d\u00e9crit l&rsquo;ajustement fiscal portugais entre 2011 et 2012 comme \u00ab\u00a0remarquable \u00e0 tous les niveaux.\u00a0\u00bb<\/p>\n<p>Cependant, il y a \u00ab\u00a0des risques importants\u00a0\u00bb qui compromettent la r\u00e9alisation du programme. Parmi eux est la \u00ab\u00a0forte augmentation du taux de ch\u00f4mage\u00a0\u00bb, qui selon les chiffres d&rsquo;Eurostat, a atteint un taux de 15 pour cent en F\u00e9vrier.<\/p>\n<p>\u00ab\u00a0La contraction de l&rsquo;activit\u00e9 \u00e9conomique devrait \u00eatre plus prononc\u00e9 que pr\u00e9vu,\u00a0\u00bb augure la Commission, qui a r\u00e9vis\u00e9 ses projections macro\u00e9conomiques \u00e0 des niveaux similaires \u00e0 ceux qu&rsquo;\u00e0 pr\u00e9sent\u00e9 le gouvernement portugais lors du budget rectificatif (une contraction du PIB de 3,3% cette ann\u00e9e, une micro reprise de 0,3%).<\/p>\n<p>La Commission identifie \u00e9galement d&rsquo;autres \u00ab\u00a0risques\u00a0\u00bb. Parmi eux se trouvent les \u00ab\u00a0m\u00e9canismes de reporting et de contr\u00f4le budg\u00e9taire, en particulier aux niveaux r\u00e9gional et local, qui n&rsquo;ont pas encore \u00e9t\u00e9 test\u00e9s.\u00a0\u00bb Bruxelles d\u00e9clare que la nouvelle loi des finances locales n&rsquo;a pas pas \u00e9t\u00e9 encore approuv\u00e9e.<\/p>\n<p><img loading=\"lazy\" decoding=\"async\" class=\"alignleft size-full wp-image-180\" style=\"border: 0pt none;\" title=\"icon-pt\" src=\"http:\/\/www.culturalusa.com\/news\/wp-content\/uploads\/2012\/04\/icon-pt.gif\" alt=\"\" width=\"14\" height=\"14\" \/> <span style=\"color: #800000;\">Subida de desemprego em Portugal preocupa Bruxelas<\/span><\/p>\n<p>A Comiss\u00e3o Europeia considera que o programa de assist\u00eancia a Portugal est\u00e1 \u00ab\u00a0no bom caminho\u00a0\u00bb mas identifica como riscos a \u00ab\u00a0continua\u00e7\u00e3o da subida do desemprego\u00a0\u00bb e o controlo or\u00e7amental a n\u00edvel regional e local.<\/p>\n<p>A Comiss\u00e3o apresentou hoje um relat\u00f3rio sobre a terceira revis\u00e3o do programa da &lsquo;troika&rsquo;, onde descreve o ajustamento or\u00e7amental portugu\u00eas entre 2011 e 2012 como \u00ab\u00a0not\u00e1vel a todos os n\u00edveis\u00a0\u00bb.<\/p>\n<p>No entanto, subsistem \u00ab\u00a0riscos importantes\u00a0\u00bb que p\u00f5em em causa a concretiza\u00e7\u00e3o do programa. Entre eles est\u00e1 o \u00ab\u00a0abrupto aumento\u00a0\u00bb do desemprego &#8212; que, segundo n\u00fameros do Eurostat, atingiu uma taxa de 15 por cento em fevereiro.<\/p>\n<p>\u00ab\u00a0A contra\u00e7\u00e3o da atividade econ\u00f3mica dever\u00e1 ser mais pronunciada do que se esperava\u00a0\u00bb, augura a Comiss\u00e3o, que reviu as suas proje\u00e7\u00f5es macroecon\u00f3micas para n\u00edveis semelhantes aos que o Governo apresenta no or\u00e7amento retificativo (uma contra\u00e7\u00e3o do PIB de 3,3 por cento este ano, uma micro retoma de 0,3 por cento no pr\u00f3xima).<\/p>\n<p>A Comiss\u00e3o identifica ainda outros \u00ab\u00a0riscos\u00a0\u00bb. Entre eles est\u00e3o os \u00ab\u00a0mecanismos de reporte e controlo or\u00e7amental, particularmente a n\u00edvel regional e local, que ainda ter\u00e3o de ser testados\u00a0\u00bb. Bruxelas assinala que ainda n\u00e3o foi aprovada a nova lei das finan\u00e7as locais.<\/p>\n","protected":false},"excerpt":{"rendered":"<p>La Commission europ\u00e9enne estime que le programme d&rsquo;assistance au Portugal est \u00ab\u00a0sur la bonne voie\u00a0\u00bb, mais identifie comme un risque \u00ab\u00a0la mont\u00e9e du ch\u00f4mage\u00a0\u00bb et le contr\u00f4le budg\u00e9taire au niveau r\u00e9gional et local. La Commission a pr\u00e9sent\u00e9 un rapport sur la troisi\u00e8me revue de l&rsquo;Union europ\u00e9enne de la \u00ab\u00a0tro\u00efka\u00a0\u00bb, qui d\u00e9crit l&rsquo;ajustement fiscal portugais entre [&hellip;]<\/p>\n","protected":false},"author":1,"featured_media":0,"comment_status":"open","ping_status":"closed","sticky":false,"template":"","format":"standard","meta":{"footnotes":""},"categories":[3],"tags":[],"class_list":["post-23","post","type-post","status-publish","format-standard","hentry","category-portugal"],"aioseo_notices":[],"_links":{"self":[{"href":"https:\/\/www.culturalusa.com\/news\/wp-json\/wp\/v2\/posts\/23","targetHints":{"allow":["GET"]}}],"collection":[{"href":"https:\/\/www.culturalusa.com\/news\/wp-json\/wp\/v2\/posts"}],"about":[{"href":"https:\/\/www.culturalusa.com\/news\/wp-json\/wp\/v2\/types\/post"}],"author":[{"embeddable":true,"href":"https:\/\/www.culturalusa.com\/news\/wp-json\/wp\/v2\/users\/1"}],"replies":[{"embeddable":true,"href":"https:\/\/www.culturalusa.com\/news\/wp-json\/wp\/v2\/comments?post=23"}],"version-history":[{"count":0,"href":"https:\/\/www.culturalusa.com\/news\/wp-json\/wp\/v2\/posts\/23\/revisions"}],"wp:attachment":[{"href":"https:\/\/www.culturalusa.com\/news\/wp-json\/wp\/v2\/media?parent=23"}],"wp:term":[{"taxonomy":"category","embeddable":true,"href":"https:\/\/www.culturalusa.com\/news\/wp-json\/wp\/v2\/categories?post=23"},{"taxonomy":"post_tag","embeddable":true,"href":"https:\/\/www.culturalusa.com\/news\/wp-json\/wp\/v2\/tags?post=23"}],"curies":[{"name":"wp","href":"https:\/\/api.w.org\/{rel}","templated":true}]}}