{"id":2300,"date":"2016-03-18T15:12:19","date_gmt":"2016-03-18T14:12:19","guid":{"rendered":"http:\/\/www.culturalusa.com\/news\/?p=2300"},"modified":"2025-06-12T19:20:13","modified_gmt":"2025-06-12T17:20:13","slug":"migrants-les-negociations-sont-difficiles-avec-la-turquie-pour-stopper-lafflux-vers-lue","status":"publish","type":"post","link":"https:\/\/www.culturalusa.com\/news\/economie\/migrants-les-negociations-sont-difficiles-avec-la-turquie-pour-stopper-lafflux-vers-lue\/","title":{"rendered":"Migrants: les n\u00e9gociations sont difficiles avec la Turquie pour stopper l&rsquo;afflux vers l&rsquo;UE"},"content":{"rendered":"<h2>Le Premier ministre turc Ahmet Davutoglu a mis vendredi en garde l&rsquo;UE contre tout \u00ab\u00a0marchandage\u00a0\u00bb sur la question des r\u00e9fugi\u00e9s, en arrivant \u00e0 Bruxelles pour des n\u00e9gociations difficiles sur un accord cens\u00e9 stopper l&rsquo;afflux de migrants vers l&rsquo;Europe.<\/h2>\n<blockquote><p>\u00ab\u00a0Pour nous, pour la Turquie, la question des r\u00e9fugi\u00e9s n&rsquo;est pas une question de marchandage, mais une question de valeurs humanitaires, ainsi que de valeurs europ\u00e9ennes\u00a0\u00bb, a averti M. Davutoglu \u00e0 son arriv\u00e9e \u00e0 un sommet crucial de l&rsquo;Union europ\u00e9enne.<\/p><\/blockquote>\n<p>La Turquie r\u00e9p\u00e8te \u00e0 l&rsquo;envi que l&rsquo;accord sur la crise migratoire qu&rsquo;elle a propos\u00e9 aux dirigeants europ\u00e9ens le 7 mars &#8211;offrant de reprendre tous les migrants d\u00e9barquant sur les c\u00f4tes grecques, y compris les demandeurs d&rsquo;asile&#8211; r\u00e9pond d&rsquo;abord \u00e0 des consid\u00e9rations \u00ab\u00a0humanitaires\u00a0\u00bb.<\/p>\n<p>Mais ce projet controvers\u00e9, qui pr\u00e9voit des contreparties substantielles \u00e0 Ankara &#8211;y compris l&rsquo;octroi d&rsquo;un r\u00e9gime sans visas pour l&rsquo;UE, une acc\u00e9l\u00e9ration des n\u00e9gociations d&rsquo;adh\u00e9sion et un doublement de l&rsquo;aide europ\u00e9enne \u00e0 six milliards d&rsquo;euros&#8211; ne fait pas l&rsquo;unanimit\u00e9 au sein des 28.<\/p>\n<p>Jeudi soir, les chefs d&rsquo;Etat et de gouvernement europ\u00e9ens ont \u00e9labor\u00e9 une \u00ab\u00a0position commune\u00a0\u00bb qui devait servir de base aux n\u00e9gociations vendredi matin entre M. Davutoglu, le pr\u00e9sident du Conseil europ\u00e9en Donald Tusk et le pr\u00e9sident de la Commission europ\u00e9enne Jean-Claude Juncker.<\/p>\n<h3><span style=\"color: #800000;\"><strong>Lignes rouges<\/strong><\/span><br \/>\nCe texte \u00e9dicte les \u00ab\u00a0lignes rouges\u00a0\u00bb \u00e0 ne pas franchir dans les concessions \u00e0 Ankara et dans la fa\u00e7on dont sera organis\u00e9, au regard du droit international, le renvoi des migrants vers la Turquie.<\/h3>\n<p>Un accord turco-europ\u00e9en serait une \u00ab\u00a0bonne opportunit\u00e9 de mettre fin au trafic d&rsquo;\u00eatres humains\u00a0\u00bb en mer Eg\u00e9e alors que plus d&rsquo;un million de migrants ont rejoint l&rsquo;UE l&rsquo;an dernier, a insist\u00e9 la chanceli\u00e8re allemande Angela Merkel, principal soutien d&rsquo;Ankara.<\/p>\n<p>Mais \u00ab\u00a0je ne peux pas vous garantir qu&rsquo;il y aura une conclusion heureuse\u00a0\u00bb, a temp\u00e9r\u00e9 le pr\u00e9sident fran\u00e7ais Fran\u00e7ois Hollande.<\/p>\n<p>MM. Tusk et Juncker, qui m\u00e8nent cette laborieuse n\u00e9gociation avec le chef du gouvernement turc au nom de l&rsquo;UE, esp\u00e8rent malgr\u00e9 tout pouvoir r\u00e9unir les dirigeants europ\u00e9ens et turc autour d&rsquo;une m\u00eame table \u00e0 la mi-journ\u00e9e pour sceller un accord.<\/p>\n<p>Les plus r\u00e9ticents parmi les Europ\u00e9ens refusent de donner un blanc-seing au r\u00e9gime islamo-conservateur de Recep Tayyip Erdogan, craignant de cautionner par ce rapprochement sans pr\u00e9c\u00e9dent ses attaques contre la presse et sa gestion du conflit kurde.<\/p>\n<p>\u00ab\u00a0Il n&rsquo;est pas question de brader nos valeurs\u00a0\u00bb, a pr\u00e9venu le Premier ministre belge Charles Michel, refusant une n\u00e9gociation avec Ankara \u00ab\u00a0qui ressemble parfois \u00e0 une forme de chantage\u00a0\u00bb.<\/p>\n<h3><strong>Champ de mines<\/strong><\/h3>\n<p>Mais aux yeux du pr\u00e9sident turc, les Europ\u00e9ens, et la Belgique en particulier, sont bien trop complaisants envers la gu\u00e9rilla kurde du PKK, dont une branche dissidente a revendiqu\u00e9 l&rsquo;attentat meurtrier commis \u00e0 Ankara dimanche.<\/p>\n<p>\u00ab\u00a0Malgr\u00e9 cette r\u00e9alit\u00e9, les pays Europ\u00e9ens ne font pas attention, comme s&rsquo;ils dansaient dans un champ de mines\u00a0\u00bb, a accus\u00e9 M. Erdogan.<\/p>\n<p>A Bruxelles, quelques dizaines de militants kurdes scandaient vendredi matin des slogans hostiles, comme \u00ab\u00a0A bas Etat fasciste en Turquie!\u00a0\u00bb, \u00e0 deux pas du b\u00e2timent o\u00f9 se tenait la r\u00e9union.<\/p>\n<p>Le n\u00e9gociateur en chef turc, Volkan Bozkir, a pour sa part pr\u00e9venu que l&rsquo;offre d&rsquo;Ankara \u00e9tait \u00ab\u00a0un tout\u00a0\u00bb. \u00ab\u00a0Si elle n&rsquo;est que partiellement accept\u00e9e, elle ne sera plus sur la table\u00a0\u00bb, a-t-il insist\u00e9 dans le journal Sabah.<\/p>\n<p>Plusieurs capitales europ\u00e9ennes craignent que la mesure phare du plan en n\u00e9gociation &#8211;le renvoi de tous les nouveaux migrants arrivant en Gr\u00e8ce depuis la Turquie, y compris les demandeurs d&rsquo;asile&#8211; soit ill\u00e9gale, apr\u00e8s que l&rsquo;ONU eut point\u00e9 un risque de \u00ab\u00a0possibles expulsions collectives et arbitraires\u00a0\u00bb.<\/p>\n<p>Mais la Commission europ\u00e9enne a assur\u00e9 que tout accord respecterait le droit international, promettant des proc\u00e9dures individualis\u00e9es et la possibilit\u00e9 de faire appel.<\/p>\n<p>D&rsquo;autres, \u00e0 commencer par Chypre, sont oppos\u00e9s \u00e0 une acc\u00e9l\u00e9ration des n\u00e9gociations d&rsquo;adh\u00e9sion, au point mort depuis des ann\u00e9es.<\/p>\n<p>Aux termes du pr\u00e9-accord, les Europ\u00e9ens s&rsquo;engageraient, pour chaque Syrien renvoy\u00e9, \u00e0 \u00ab\u00a0r\u00e9installer\u00a0\u00bb dans l&rsquo;UE un autre Syrien depuis la Turquie. Ce dispositif serait dans un premier temps plafonn\u00e9 \u00e0 72.000 places offertes en Europe.<\/p>\n<p>La Turquie compte aussi arracher une nouvelle aide substantielle de l&rsquo;UE, qui pourrait jusqu&rsquo;\u00e0 doubler la promesse actuelle de trois milliards d&rsquo;euros pour am\u00e9liorer les conditions de vie des 2,7 millions de Syriens r\u00e9fugi\u00e9s sur le sol turc.<\/p>\n<p>Depuis le d\u00e9but de l&rsquo;ann\u00e9e, plus de 143.000 personnes sont arriv\u00e9es en Gr\u00e8ce via la Turquie, selon l&rsquo;ONU.<\/p>\n<p>Cet afflux, combin\u00e9 avec la fermeture de la \u00ab\u00a0Route des Balkans\u00a0\u00bb, place la Gr\u00e8ce et les 46.000 migrants qui y sont bloqu\u00e9s dans une situation intenable. Et accentue la pression pour que les Europ\u00e9ens s&rsquo;entendent avec Ankara.<\/p>\n<p>\u00ab\u00a0Ceci est comme un (camp de) Dachau des temps modernes, le r\u00e9sultat de la logique des fronti\u00e8res ferm\u00e9es\u00a0\u00bb, s&rsquo;est lament\u00e9 vendredi le ministre grec de l&rsquo;Int\u00e9rieur Panagiotis Kouroublis en visitant Idomeni, \u00e0 la fronti\u00e8re avec la Mac\u00e9doine d\u00e9sormais ferm\u00e9e.<\/p>\n<p>\u00ab\u00a0Construire des murs, discriminer des gens ou les renvoyer n&rsquo;est pas une r\u00e9ponse au probl\u00e8me\u00a0\u00bb, a insist\u00e9 le secr\u00e9taire g\u00e9n\u00e9ral de l&rsquo;ONU Ban Ki-moon. (AFP)<\/p>\n","protected":false},"excerpt":{"rendered":"<p>Le Premier ministre turc Ahmet Davutoglu a mis vendredi en garde l&rsquo;UE contre tout \u00ab\u00a0marchandage\u00a0\u00bb sur la question des r\u00e9fugi\u00e9s, en arrivant \u00e0 Bruxelles pour des n\u00e9gociations difficiles sur un accord cens\u00e9 stopper l&rsquo;afflux de migrants vers l&rsquo;Europe. \u00ab\u00a0Pour nous, pour la Turquie, la question des r\u00e9fugi\u00e9s n&rsquo;est pas une question de marchandage, mais une [&hellip;]<\/p>\n","protected":false},"author":1,"featured_media":2425,"comment_status":"open","ping_status":"closed","sticky":false,"template":"","format":"standard","meta":{"footnotes":""},"categories":[1],"tags":[244,341,379],"class_list":["post-2300","post","type-post","status-publish","format-standard","has-post-thumbnail","hentry","category-economie","tag-migrants","tag-refugies","tag-turquie"],"aioseo_notices":[],"_links":{"self":[{"href":"https:\/\/www.culturalusa.com\/news\/wp-json\/wp\/v2\/posts\/2300","targetHints":{"allow":["GET"]}}],"collection":[{"href":"https:\/\/www.culturalusa.com\/news\/wp-json\/wp\/v2\/posts"}],"about":[{"href":"https:\/\/www.culturalusa.com\/news\/wp-json\/wp\/v2\/types\/post"}],"author":[{"embeddable":true,"href":"https:\/\/www.culturalusa.com\/news\/wp-json\/wp\/v2\/users\/1"}],"replies":[{"embeddable":true,"href":"https:\/\/www.culturalusa.com\/news\/wp-json\/wp\/v2\/comments?post=2300"}],"version-history":[{"count":2,"href":"https:\/\/www.culturalusa.com\/news\/wp-json\/wp\/v2\/posts\/2300\/revisions"}],"predecessor-version":[{"id":13446,"href":"https:\/\/www.culturalusa.com\/news\/wp-json\/wp\/v2\/posts\/2300\/revisions\/13446"}],"wp:featuredmedia":[{"embeddable":true,"href":"https:\/\/www.culturalusa.com\/news\/wp-json\/wp\/v2\/media\/2425"}],"wp:attachment":[{"href":"https:\/\/www.culturalusa.com\/news\/wp-json\/wp\/v2\/media?parent=2300"}],"wp:term":[{"taxonomy":"category","embeddable":true,"href":"https:\/\/www.culturalusa.com\/news\/wp-json\/wp\/v2\/categories?post=2300"},{"taxonomy":"post_tag","embeddable":true,"href":"https:\/\/www.culturalusa.com\/news\/wp-json\/wp\/v2\/tags?post=2300"}],"curies":[{"name":"wp","href":"https:\/\/api.w.org\/{rel}","templated":true}]}}