{"id":2307,"date":"2016-03-22T16:00:47","date_gmt":"2016-03-22T15:00:47","guid":{"rendered":"http:\/\/www.culturalusa.com\/news\/?p=2307"},"modified":"2025-06-10T16:59:37","modified_gmt":"2025-06-10T14:59:37","slug":"belgique-attaquee-34-morts-et-plus-de-200-blesses-dans-des-attentats-a-bruxelles","status":"publish","type":"post","link":"https:\/\/www.culturalusa.com\/news\/actualite\/belgique-attaquee-34-morts-et-plus-de-200-blesses-dans-des-attentats-a-bruxelles\/","title":{"rendered":"Belgique attaqu\u00e9\u00e9: 34 morts et plus de 200 bless\u00e9s dans des attentats \u00e0 Bruxelles"},"content":{"rendered":"<h2>Bruxelles a \u00e9t\u00e9 secou\u00e9e mardi par plusieurs attentats terroristes coordonn\u00e9s, avec de puissantes explosions dans le m\u00e9tro et \u00e0 l&rsquo;a\u00e9roport international, dont l&rsquo;une probablement caus\u00e9e par un kamikaze, qui ont fait une trentaine de morts, plus de 200 bless\u00e9s et paralys\u00e9 la capitale de l&rsquo;Europe.<\/h2>\n<p>Quatorze personnes ont \u00e9t\u00e9 tu\u00e9es et 96 bless\u00e9es \u00e0 l&rsquo;a\u00e9roport de Zaventem, a annonc\u00e9 \u00e0 l&rsquo;AFP un porte-parole des pompiers, Pierre Meyrs. A la station de m\u00e9tro de Maelbeek, en plein quartier europ\u00e9en, le bilan toujours provisoire variait d&rsquo;une \u00ab\u00a0quinzaine de morts\u00a0\u00bb, selon les pompiers, \u00e0 \u00ab\u00a0probablement une vingtaine de d\u00e9c\u00e8s\u00a0\u00bb et 106 bless\u00e9s, selon le maire de Bruxelles.<\/p>\n<p>Ces attaques ont d\u00e9clench\u00e9 un rel\u00e8vement de l&rsquo;alerte antiterroriste \u00e0 son niveau maximal, une fermeture jusqu&rsquo;\u00e0 nouvel ordre de l&rsquo;a\u00e9roport international de Bruxelles et un renforcement de la s\u00e9curit\u00e9 dans des a\u00e9roports \u00e0 Londres, Paris, Francfort, Gen\u00e8ve et Copenhague, alors que l&rsquo;Europe est la cible d&rsquo;une vague d&rsquo;attentats de l&rsquo;organisation jihadiste Etat islamique (EI).<\/p>\n<p>Le trafic du m\u00e9tro a \u00e9galement \u00e9t\u00e9 suspendu \u00e0 Bruxelles, si\u00e8ge de l&rsquo;Union europ\u00e9enne et de l&rsquo;Otan.<\/p>\n<p>Ces attentats surviennent quatre jours apr\u00e8s la capture spectaculaire dans la commune bruxelloise de Molenbeek du Fran\u00e7ais Salah Abdeslam, seul survivant du commando auteur des attentats revendiqu\u00e9s par l&rsquo;EI de novembre \u00e0 Paris (130 morts), et d\u00e9sormais dans une prison belge de haute s\u00e9curit\u00e9 avant son transf\u00e8rement en France.<\/p>\n<p>Vers 07H00 GMT mardi, deux explosions puissantes ont frapp\u00e9 l&rsquo;a\u00e9roport de Bruxelles-Zavantem, \u00ab\u00a0dont l&rsquo;une probablement provoqu\u00e9e par un kamikaze\u00a0\u00bb, a d\u00e9clar\u00e9 le procureur f\u00e9d\u00e9ral belge, Fr\u00e9d\u00e9ric Van Leeuw.<\/p>\n<p>\u00ab\u00a0Nous redoutions un attentat et c&rsquo;est arriv\u00e9\u00a0\u00bb, a r\u00e9agi le Premier ministre Charles Michel apr\u00e8s ces attentats \u00ab\u00a0aveugles, violents et l\u00e2ches\u00a0\u00bb en \u00e9voquant \u00ab\u00a0un moment noir pour ce pays\u00a0\u00bb tandis que de nombreux responsables europ\u00e9ens r\u00e9agissaient \u00e0 cette attaque visant \u00ab\u00a0le coeur de l&rsquo;Europe\u00a0\u00bb.<\/p>\n<p>Des tirs ont d&rsquo;abord \u00e9t\u00e9 entendus dans le hall des d\u00e9parts de l&rsquo;a\u00e9roport international, avant qu&rsquo;une personne ne lance des cris en arabe et que deux explosions retentissent, ont indiqu\u00e9 plusieurs t\u00e9moins \u00e0 l&rsquo;AFP et \u00e0 l&rsquo;agence de presse Belga.<\/p>\n<h3><strong>Cris en arabe<\/strong><br \/>\nLes pompiers ont quant \u00e0 eux fait \u00e9tat d&rsquo;un bilan provisoire d'\u00a0\u00bbune quinzaine de morts\u00a0\u00bb et 73 bless\u00e9s dans le m\u00e9tro o\u00f9 \u00ab\u00a0les travaux de reconnaissance sont tr\u00e8s difficile\u00a0\u00bb, a expliqu\u00e9 leur porte-parole.<\/h3>\n<p>Une photo diffus\u00e9e par la cha\u00eene publique RTBF montrait une rame de m\u00e9tro \u00e9ventr\u00e9e, si\u00e8ges d\u00e9chiquet\u00e9s, et parois calcin\u00e9es, \u00e0 la station frapp\u00e9e en pleine heure de pointe.<\/p>\n<p><strong>Alerte antiterroriste maximale<\/strong><br \/>\nL&rsquo;alerte antiterroriste est pass\u00e9e pour l&rsquo;ensemble de la Belgique \u00e0 son niveau maximal de 4, et l&rsquo;a\u00e9roport de Bruxelles a \u00e9t\u00e9 ferm\u00e9 \u00ab\u00a0jusqu&rsquo;\u00e0 nouvel ordre\u00a0\u00bb. Le trafic du m\u00e9tro a \u00e9t\u00e9 suspendu de m\u00eame que le trafic des trains Thalys avec la France.<\/p>\n<p>La s\u00e9curit\u00e9 des centrales nucl\u00e9aires a \u00e9t\u00e9 renforc\u00e9e, a annonc\u00e9 Belga, et face \u00e0 la menace de saturation du r\u00e9seau de communications mobile, la population a \u00e9t\u00e9 appel\u00e9e \u00e0 \u00e9viter les appels non urgents.<\/p>\n<p>La justice belge a demand\u00e9 \u00e0 la presse de ne pas communiquer sur l&rsquo;enqu\u00eate en cours, alors que des m\u00e9dias faisaient \u00e9tat de perquisitions dans la capitale et que Bruxelles craignait qu&rsquo;il y \u00ab\u00a0ait encore des personnes dans la nature\u00a0\u00bb.<\/p>\n<p>Les attentats de Bruxelles ont cr\u00e9\u00e9 une onde de choc ailleurs en Europe et entra\u00een\u00e9 des r\u00e9unions d&rsquo;urgence des gouvernements \u00e0 Paris et Londres.<\/p>\n<p>La s\u00e9curit\u00e9 a \u00e9t\u00e9 rapidement renforc\u00e9e dans les a\u00e9roports de Londres-Gatwick, Paris Charles-de-Gaulle, Gen\u00e8ve, Francfort et Copenhague.<\/p>\n<p>En France, le ministre de l&rsquo;Int\u00e9rieur Bernard Cazeneuve a annonc\u00e9 un d\u00e9ploiement suppl\u00e9mentaire de 1.600 policiers et gendarmes. La s\u00e9curit\u00e9 a \u00e9t\u00e9 renforc\u00e9e autour des institutions europ\u00e9ennes \u00e0 Strasbourg (est) qui abrite le Parlement europ\u00e9en.<\/p>\n<p>Au Royaume-Uni, la police a renforc\u00e9 sa pr\u00e9sence \u00ab\u00a0dans les endroits n\u00e9vralgiques\u00a0\u00bb, \u00ab\u00a0dont les transports, pour prot\u00e9ger la population\u00a0\u00bb, a d\u00e9clar\u00e9 le chef de la section antiterroriste de la police, Mark Rowley.<\/p>\n<p>\u00ab\u00a0C&rsquo;est toute l?Europe qui est frapp\u00e9e\u00a0\u00bb, a d\u00e9clar\u00e9 le pr\u00e9sident fran\u00e7ais Fran\u00e7ois Hollande, tandis que son Premier ministre Manuel Valls demandait une \u00ab\u00a0mobilisation de tous les instants\u00a0\u00bb dans \u00ab\u00a0la guerre\u00a0\u00bb contre le terrorisme.<\/p>\n<p>Emue aux larmes, la chef de la diplomatie europ\u00e9enne Federica Mogherini, en visite \u00e0 Amman, a d\u00e9plor\u00e9 un \u00ab\u00a0jour tr\u00e8s triste pour l&rsquo;Europe\u00a0\u00bb. Ces attentats \u00ab\u00a0visent le c?ur de l?Europe\u00a0\u00bb qui \u00ab\u00a0se tient debout ensemble et de mani\u00e8re solidaire\u00a0\u00bb, a d\u00e9clar\u00e9 le chef de la diplomatie allemande Frank-Walter Steinmeier.<\/p>\n<p>\u00ab\u00a0Nous ne laisserons jamais ces terroristes gagner\u00a0\u00bb, a affirm\u00e9 le Premier ministre britannique David Cameron.<\/p>\n<p>C&rsquo;\u00e9tait \u00ab\u00a0une panique g\u00e9n\u00e9rale\u00a0\u00bb et \u00ab\u00a0beaucoup de personnes ont perdu des jambes\u00a0\u00bb, a d\u00e9clar\u00e9 \u00e0 l&rsquo;AFP un homme qui se trouvait \u00e0 cinq m\u00e8tres de l&rsquo;explosion qui a provoqu\u00e9 des panaches de fum\u00e9e au-dessus de l&rsquo;a\u00e9rogare.<\/p>\n<p>\u00ab\u00a0Un monsieur a cri\u00e9 en arabe. Il a cri\u00e9 quelques mots et j&rsquo;ai entendu une grosse d\u00e9flagration\u00a0\u00bb, a t\u00e9moign\u00e9 Alphonse Lyoura, un employ\u00e9 de la s\u00e9curit\u00e9 des bagages.<\/p>\n<p>\u00ab\u00a0J&rsquo;ai aid\u00e9 au moins six-sept bless\u00e9s. On a sorti cinq corps qui ne bougeaient plus\u00a0\u00bb, a-t-il pr\u00e9cis\u00e9.<\/p>\n<p>Cheryl Miller, passag\u00e8re en provenance de New York, a dit \u00e0 l&rsquo;AFP qu&rsquo;elle \u00e9tait dans une file d&rsquo;attente quand \u00ab\u00a0il y a eu une \u00e9norme explosion et beaucoup de secousses. La poussi\u00e8re tombait des conduits d&rsquo;a\u00e9ration. Nous avons tous couru pour nous prot\u00e9ger.\u00a0\u00bb<\/p>\n<p>Selon un t\u00e9moin cit\u00e9 par la radio publique francophone RTBF, les explosions ont eu lieu pr\u00e8s d&rsquo;une porte d&#8217;embarquement vers les Etats-Unis. (AFP)<\/p>\n","protected":false},"excerpt":{"rendered":"<p>Bruxelles a \u00e9t\u00e9 secou\u00e9e mardi par plusieurs attentats terroristes coordonn\u00e9s, avec de puissantes explosions dans le m\u00e9tro et \u00e0 l&rsquo;a\u00e9roport international, dont l&rsquo;une probablement caus\u00e9e par un kamikaze, qui ont fait une trentaine de morts, plus de 200 bless\u00e9s et paralys\u00e9 la capitale de l&rsquo;Europe. Quatorze personnes ont \u00e9t\u00e9 tu\u00e9es et 96 bless\u00e9es \u00e0 l&rsquo;a\u00e9roport [&hellip;]<\/p>\n","protected":false},"author":1,"featured_media":2308,"comment_status":"open","ping_status":"closed","sticky":false,"template":"","format":"standard","meta":{"footnotes":""},"categories":[30],"tags":[472],"class_list":["post-2307","post","type-post","status-publish","format-standard","has-post-thumbnail","hentry","category-actualite","tag-attentats-bruxelles"],"aioseo_notices":[],"_links":{"self":[{"href":"https:\/\/www.culturalusa.com\/news\/wp-json\/wp\/v2\/posts\/2307","targetHints":{"allow":["GET"]}}],"collection":[{"href":"https:\/\/www.culturalusa.com\/news\/wp-json\/wp\/v2\/posts"}],"about":[{"href":"https:\/\/www.culturalusa.com\/news\/wp-json\/wp\/v2\/types\/post"}],"author":[{"embeddable":true,"href":"https:\/\/www.culturalusa.com\/news\/wp-json\/wp\/v2\/users\/1"}],"replies":[{"embeddable":true,"href":"https:\/\/www.culturalusa.com\/news\/wp-json\/wp\/v2\/comments?post=2307"}],"version-history":[{"count":2,"href":"https:\/\/www.culturalusa.com\/news\/wp-json\/wp\/v2\/posts\/2307\/revisions"}],"predecessor-version":[{"id":13430,"href":"https:\/\/www.culturalusa.com\/news\/wp-json\/wp\/v2\/posts\/2307\/revisions\/13430"}],"wp:featuredmedia":[{"embeddable":true,"href":"https:\/\/www.culturalusa.com\/news\/wp-json\/wp\/v2\/media\/2308"}],"wp:attachment":[{"href":"https:\/\/www.culturalusa.com\/news\/wp-json\/wp\/v2\/media?parent=2307"}],"wp:term":[{"taxonomy":"category","embeddable":true,"href":"https:\/\/www.culturalusa.com\/news\/wp-json\/wp\/v2\/categories?post=2307"},{"taxonomy":"post_tag","embeddable":true,"href":"https:\/\/www.culturalusa.com\/news\/wp-json\/wp\/v2\/tags?post=2307"}],"curies":[{"name":"wp","href":"https:\/\/api.w.org\/{rel}","templated":true}]}}