{"id":2315,"date":"2016-03-24T16:50:56","date_gmt":"2016-03-24T15:50:56","guid":{"rendered":"http:\/\/www.culturalusa.com\/news\/?p=2315"},"modified":"2016-03-24T16:51:32","modified_gmt":"2016-03-24T15:51:32","slug":"attentats-de-belgique-ce-que-lon-sait-sur-les-attaques-de-bruxelles","status":"publish","type":"post","link":"https:\/\/www.culturalusa.com\/news\/actualite\/attentats-de-belgique-ce-que-lon-sait-sur-les-attaques-de-bruxelles\/","title":{"rendered":"Attentats de Belgique: ce que l&rsquo;on sait sur les attaques de Bruxelles"},"content":{"rendered":"<p><img loading=\"lazy\" decoding=\"async\" src=\"http:\/\/www.culturalusa.com\/news\/wp-content\/uploads\/2016\/03\/atentados-bruxelas.jpg\" alt=\"Attentas Bruxelles\" width=\"470\" height=\"294\" class=\"aligncenter size-full wp-image-2308\" srcset=\"https:\/\/www.culturalusa.com\/news\/wp-content\/uploads\/2016\/03\/atentados-bruxelas.jpg 470w, https:\/\/www.culturalusa.com\/news\/wp-content\/uploads\/2016\/03\/atentados-bruxelas-275x172.jpg 275w\" sizes=\"auto, (max-width: 470px) 100vw, 470px\" \/>S&rsquo;il reste des zones d&rsquo;ombre apr\u00e8s les attentats de Bruxelles, les enqu\u00eateurs ont d\u00e9j\u00e0 \u00e9tabli officiellement que quatre hommes \u00e9taient directement impliqu\u00e9s, dont trois sont morts et un en fuite. Des sources polici\u00e8res ont affirm\u00e9 jeudi qu&rsquo;un deuxi\u00e8me suspect \u00e9tait \u00e9galement traqu\u00e9.<\/p>\n<p><strong>Comment s&rsquo;est d\u00e9roul\u00e9e l&rsquo;attaque \u00e0 l&rsquo;a\u00e9roport?<\/strong><br \/>\nC&rsquo;est \u00e0 l&rsquo;a\u00e9roport international de Bruxelles-Zaventem qu&rsquo;a eu lieu la premi\u00e8re explosion, \u00e0 pr\u00e9cis\u00e9ment 07h58, suivie d&rsquo;une deuxi\u00e8me explosion une dizaine de secondes plus tard, dans le hall des d\u00e9parts.<\/p>\n<p>Des centaines de voyageurs se trouvent aux comptoirs d&rsquo;enregistrement. Les bombes sont meurtri\u00e8res et font de nombreux bless\u00e9s, d\u00e9vastant le hall.<\/p>\n<p>Plus tard dans la matin\u00e9e, une autre explosion retentit dans l&rsquo;a\u00e9roport \u00e9vacu\u00e9, sans faire de bless\u00e9s, alors que les d\u00e9mineurs viennent d&rsquo;arriver: c&rsquo;est un sac abandonn\u00e9 sur place par l&rsquo;un des assaillants qui vient d&rsquo;exploser. Il \u00ab\u00a0contenait la charge explosive la plus importante\u00a0\u00bb, selon le parquet, laissant penser que le bilan de l&rsquo;attaque aurait pu \u00eatre encore plus lourd.<\/p>\n<p><strong>Comment s&rsquo;est d\u00e9roul\u00e9e l&rsquo;attaque dans le m\u00e9tro?<\/strong><br \/>\nL&rsquo;attaque dans le m\u00e9tro intervient environ une heure apr\u00e8s celle de l&rsquo;a\u00e9roport, peu apr\u00e8s 09H00. Une bombe actionn\u00e9e par un kamikaze explose dans une rame sur le point de quitter la station Maelbeek, au coeur du quartier europ\u00e9en de Bruxelles. L&rsquo;explosion a lieu alors qu&rsquo;une autre rame se trouve sur les voies d&rsquo;en face, selon la soci\u00e9t\u00e9 exploitante.<\/p>\n<p><strong>O\u00f9 en est le bilan ?<\/strong><br \/>\nLe dernier bilan officiel fait \u00e9tat de 31 morts et de 300 bless\u00e9s, sans pr\u00e9cisions sur la r\u00e9partition des victimes entre les deux sites.<\/p>\n<p>Le minist\u00e8re de la Sant\u00e9 a \u00e9voqu\u00e9 onze morts \u00e0 l&rsquo;a\u00e9roport, tandis qu&rsquo;une porte-parole de Zaventem a parl\u00e9 d&rsquo;au moins 15.<\/p>\n<p>Parmi les morts et les bless\u00e9s, il y a \u00ab\u00a0probablement plus de quarante nationalit\u00e9s diff\u00e9rentes\u00a0\u00bb, selon le gouvernement. La difficult\u00e9 d&rsquo;identification de corps parfois d\u00e9chiquet\u00e9s ou gravement br\u00fbl\u00e9s explique que seulement quatre des morts aient pu \u00eatre identifi\u00e9s \u00e0 ce stade &#8211; notamment une P\u00e9ruvienne vivant \u00e0 Bruxelles depuis neuf ans, un \u00e9tudiant et un fonctionnaire belges.<\/p>\n<p>Parmi les bless\u00e9s figurent notamment des Am\u00e9ricains, des Fran\u00e7ais, des Britanniques et des Colombiens.<\/p>\n<p><strong>Qui sont les deux fr\u00e8res identifi\u00e9s?<\/strong><br \/>\nLes enqu\u00eateurs ont publi\u00e9 d\u00e8s mardi des photos, issues de vid\u00e9osurveillance, de trois hommes suspect\u00e9s d&rsquo;avoir commis les attentats \u00e0 l&rsquo;a\u00e9roport. Deux d&rsquo;entre eux, que l&rsquo;on voit sur les photos poussant des chariots avec des sacs noirs, se sont fait exploser.<\/p>\n<p>Gr\u00e2ce \u00e0 l&rsquo;analyse d&#8217;empreintes, les enqu\u00eateurs ont pu rapidement \u00e9tablir l&rsquo;identit\u00e9 de celui du milieu: il s&rsquo;agit d&rsquo;Ibrahim El Bakraoui, un Belge de 29 ans.<\/p>\n<p>Son fr\u00e8re, Khalid, 27 ans, a lui \u00e9t\u00e9 identifi\u00e9 comme \u00ab\u00a0le\u00a0\u00bb kamikaze -laissant entendre qu&rsquo;il \u00e9tait seul &#8211; du m\u00e9tro.<\/p>\n<p>Les deux fr\u00e8res, connus pour des affaires de banditisme, \u00e9taient soup\u00e7onn\u00e9s d&rsquo;avoir lou\u00e9 des planques en Belgique pour les commandos des attentats du 13 novembre \u00e0 Paris. <\/p>\n<p>Leurs noms \u00e9taient apparus dans les m\u00e9dias lors des derniers jours de la traque de Salah Abdeslam, un suspect-cl\u00e9 des attentats de Paris, arr\u00eat\u00e9 vendredi dans la commune bruxelloise de Molenbeek.<\/p>\n<p>Jeudi, la justice belge a annonc\u00e9 que Khalid faisait l&rsquo;objet depuis le 11 d\u00e9cembre de mandats d&rsquo;arr\u00eat pour avoir lou\u00e9 sous un faux nom un logement \u00e0 Charleroi utilis\u00e9 par certains assaillants du 13 novembre.<\/p>\n<p>La Turquie avait affirm\u00e9 mercredi avoir arr\u00eat\u00e9 sur son sol et expuls\u00e9 en juillet 2015 son fr\u00e8re Ibrahim, d\u00e9plorant qu&rsquo;il ait ensuite \u00e9t\u00e9 remis en libert\u00e9 en Belgique. Mais le ministre belge de la Justice avait assur\u00e9 qu&rsquo;il n&rsquo;y avait pas eu d&rsquo;extradition vers la Belgique et d\u00e9menti qu&rsquo;il ait \u00e9t\u00e9 connu en Belgique pour terrorisme. <\/p>\n<p>Reconnaissant des \u00ab\u00a0erreurs\u00a0\u00bb, lui et son homologue de l&rsquo;Int\u00e9rieur ont cependant remis leur d\u00e9mission jeudi, refus\u00e9e par le Premier ministre, selon les m\u00e9dias belges.<\/p>\n<p><strong>Qui est Najim Laachraoui, le troisi\u00e8me suspect identifi\u00e9?<\/strong><br \/>\nOutre l&rsquo;a\u00een\u00e9 des El Bakraoui, un deuxi\u00e8me kamikaze a \u00e9t\u00e9 identifi\u00e9 \u00e0 l&rsquo;a\u00e9roport de Bruxelles-Zaventem: il s&rsquo;agit de Najim Laachraoui, un Bruxellois d&rsquo;origine marocaine de 24 ans, qui \u00e9tait recherch\u00e9 dans l&rsquo;enqu\u00eate sur les attentats de Paris.<\/p>\n<p>L&rsquo;ADN de Laachraoui avait \u00e9t\u00e9 retrouv\u00e9 dans plusieurs lieux utilis\u00e9s par les commandos du 13 novembre \u00e0 Paris, ainsi que sur du mat\u00e9riel explosif alors utilis\u00e9. Il \u00e9tait \u00ab\u00a0activement recherch\u00e9\u00a0\u00bb en Belgique.<\/p>\n<p><strong>Qui sont les deux hommes en fuite?<\/strong><br \/>\nLa police belge recherche \u00ab\u00a0activement\u00a0\u00bb le troisi\u00e8me homme figurant sur les images de vid\u00e9osurveillance de l&rsquo;a\u00e9roport.<\/p>\n<p>\u00ab\u00a0Parti avant les explosions\u00a0\u00bb selon le parquet, il appara\u00eet sur les images en veste et chemise claires, portant des lunettes sous un chapeau noir et poussant, comme les deux kamikazes d\u00e9c\u00e9d\u00e9s, un chariot avec un gros sac noir qui contenait \u00ab\u00a0la charge explosive la plus importante\u00a0\u00bb \u00e9voqu\u00e9e par le parquet.<\/p>\n<p>Selon des sources polici\u00e8res, un deuxi\u00e8me homme \u00e9tait recherch\u00e9 comme suspect dans l&rsquo;attentat du m\u00e9tro. Il apparait, sur les images de vid\u00e9osurveillance du m\u00e9tro, en train de parler \u00e0 Khalid, portant un gros sac, toujours selon ces sources.<\/p>\n<p>Quelles sont les autres r\u00e9v\u00e9lations de l&rsquo;enqu\u00eate?<\/p>\n<p>C&rsquo;est gr\u00e2ce au t\u00e9moignage d&rsquo;un chauffeur de taxi que les enqu\u00eateurs ont dirig\u00e9 une partie de leurs recherches vers Schaerbeek. Ce chauffeur s&rsquo;est pr\u00e9sent\u00e9 mardi \u00e0 la police expliquant avoir conduit trois hommes \u00e0 l&rsquo;a\u00e9roport, pouvant correspondre aux photos des assaillants.<\/p>\n<p>Des perquisitions \u00e0 l&rsquo;adresse o\u00f9 il les a pris en charge ont permis de d\u00e9couvrir notamment 15 kg d&rsquo;explosif de type TATP, 150 litres d&rsquo;ac\u00e9tone, des d\u00e9tonateurs et une valise remplie de clous et de vis.<\/p>\n<p>Au pied de l&rsquo;immeuble, la police a trouv\u00e9 un ordinateur abandonn\u00e9 dans une poubelle, contenant un \u00ab\u00a0testament\u00a0\u00bb r\u00e9dig\u00e9 par Ibrahim El Bakraoui, o\u00f9 il donne l&rsquo;impression d&rsquo;un fugitif aux abois juste avant de passer \u00e0 l&rsquo;acte. (AFP)<\/p>\n","protected":false},"excerpt":{"rendered":"<p>S&rsquo;il reste des zones d&rsquo;ombre apr\u00e8s les attentats de Bruxelles, les enqu\u00eateurs ont d\u00e9j\u00e0 \u00e9tabli officiellement que quatre hommes \u00e9taient directement impliqu\u00e9s, dont trois sont morts et un en fuite. Des sources polici\u00e8res ont affirm\u00e9 jeudi qu&rsquo;un deuxi\u00e8me suspect \u00e9tait \u00e9galement traqu\u00e9. Comment s&rsquo;est d\u00e9roul\u00e9e l&rsquo;attaque \u00e0 l&rsquo;a\u00e9roport? C&rsquo;est \u00e0 l&rsquo;a\u00e9roport international de Bruxelles-Zaventem qu&rsquo;a [&hellip;]<\/p>\n","protected":false},"author":1,"featured_media":0,"comment_status":"open","ping_status":"closed","sticky":false,"template":"","format":"standard","meta":{"footnotes":""},"categories":[30],"tags":[475],"class_list":["post-2315","post","type-post","status-publish","format-standard","hentry","category-actualite","tag-attaques-de-bruxelles"],"aioseo_notices":[],"_links":{"self":[{"href":"https:\/\/www.culturalusa.com\/news\/wp-json\/wp\/v2\/posts\/2315","targetHints":{"allow":["GET"]}}],"collection":[{"href":"https:\/\/www.culturalusa.com\/news\/wp-json\/wp\/v2\/posts"}],"about":[{"href":"https:\/\/www.culturalusa.com\/news\/wp-json\/wp\/v2\/types\/post"}],"author":[{"embeddable":true,"href":"https:\/\/www.culturalusa.com\/news\/wp-json\/wp\/v2\/users\/1"}],"replies":[{"embeddable":true,"href":"https:\/\/www.culturalusa.com\/news\/wp-json\/wp\/v2\/comments?post=2315"}],"version-history":[{"count":0,"href":"https:\/\/www.culturalusa.com\/news\/wp-json\/wp\/v2\/posts\/2315\/revisions"}],"wp:attachment":[{"href":"https:\/\/www.culturalusa.com\/news\/wp-json\/wp\/v2\/media?parent=2315"}],"wp:term":[{"taxonomy":"category","embeddable":true,"href":"https:\/\/www.culturalusa.com\/news\/wp-json\/wp\/v2\/categories?post=2315"},{"taxonomy":"post_tag","embeddable":true,"href":"https:\/\/www.culturalusa.com\/news\/wp-json\/wp\/v2\/tags?post=2315"}],"curies":[{"name":"wp","href":"https:\/\/api.w.org\/{rel}","templated":true}]}}