{"id":2323,"date":"2016-04-01T01:47:15","date_gmt":"2016-03-31T23:47:15","guid":{"rendered":"http:\/\/www.culturalusa.com\/news\/?p=2323"},"modified":"2025-06-10T17:09:40","modified_gmt":"2025-06-10T15:09:40","slug":"barack-obama-promet-de-se-defendre-contre-la-menace-atomique-nord-coreenne","status":"publish","type":"post","link":"https:\/\/www.culturalusa.com\/news\/actualite\/barack-obama-promet-de-se-defendre-contre-la-menace-atomique-nord-coreenne\/","title":{"rendered":"Barack Obama promet de se d\u00e9fendre contre la menace atomique nord-cor\u00e9enne"},"content":{"rendered":"<h2>Obama et ses alli\u00e9s japonais et sud-cor\u00e9en ont promis jeudi de se \u00ab\u00a0d\u00e9fendre\u00a0\u00bb contre la menace atomique de la Cor\u00e9e du Nord, lors d&rsquo;un sommet sur le nucl\u00e9aire o\u00f9 le pr\u00e9sident am\u00e9ricain a \u00e9voqu\u00e9 les sujets qui f\u00e2chent avec son homologue chinois Xi Jinping.<\/h2>\n<p>En outre, le sc\u00e9nario catastrophe d&rsquo;un \u00ab\u00a0attentat terroriste nucl\u00e9aire\u00a0\u00bb, au moyen d&rsquo;une \u00ab\u00a0bombe sale\u00a0\u00bb entre les mains de jihadistes de l&rsquo;Etat islamique (EI), hante aussi les travaux d&rsquo;une cinquantaine de dignitaires \u00e9trangers r\u00e9unis jeudi et vendredi \u00e0 Washington autour de M. Obama pour parler de \u00ab\u00a0s\u00fbret\u00e9 nucl\u00e9aire\u00a0\u00bb.<\/p>\n<p>Le locataire de la Maison Blanche, qui quittera le pouvoir en janvier, est l&rsquo;artisan de ce sommet qu&rsquo;il avait lanc\u00e9 en 2010, un an apr\u00e8s avoir expos\u00e9 dans un discours historique \u00e0 Prague sa vision d&rsquo;un \u00ab\u00a0monde sans armes nucl\u00e9aires\u00a0\u00bb.<\/p>\n<p>Apr\u00e8s des ann\u00e9es de tractations avec l&rsquo;Iran, l&rsquo;administration am\u00e9ricaine a r\u00e9ussi en janvier \u00e0 placer sous surveillance internationale le programme nucl\u00e9aire controvers\u00e9 de T\u00e9h\u00e9ran. La menace iranienne \u00e9cart\u00e9e, Washington s&rsquo;alarme dor\u00e9navant de celle que pose la Cor\u00e9e du Nord, qui contrairement \u00e0 l&rsquo;Iran, poss\u00e8de d\u00e9j\u00e0 l&rsquo;arme nucl\u00e9aire.<\/p>\n<p>Ainsi, au terme d&rsquo;une r\u00e9union tripartite avec la pr\u00e9sidente sud-cor\u00e9enne Park Geun-Hye et le Premier ministre japonais Shinzo Abe, Barack Obama a promis \u00ab\u00a0l&rsquo;unit\u00e9\u00a0\u00bb des trois alli\u00e9s afin de \u00ab\u00a0dissuader et (se) d\u00e9fendre contre les provocations nord-cor\u00e9ennes\u00a0\u00bb. Les trois dirigeants se sont engag\u00e9s \u00e0 \u00ab\u00a0mettre en oeuvre les mesures fortes du Conseil de s\u00e9curit\u00e9 de l&rsquo;ONU\u00a0\u00bb prises le 2 mars, c&rsquo;est \u00e0 dire l&rsquo;arsenal de nouvelles sanctions sans pr\u00e9c\u00e9dent contre Pyongyang.<\/p>\n<p>De fait, le climat sur la p\u00e9ninsule cor\u00e9enne ne cesse de se d\u00e9t\u00e9riorer depuis le quatri\u00e8me essai nucl\u00e9aire de Pyongyang le 6 janvier et le lancement le 7 f\u00e9vrier d&rsquo;une fus\u00e9e, consid\u00e9r\u00e9 comme un essai d\u00e9guis\u00e9 de missile longue port\u00e9e. Les tensions ont redoubl\u00e9 en raison de manoeuvres militaires annuelles \u00e0 grande \u00e9chelle entre les Etats-Unis et la Cor\u00e9e du Sud.<\/p>\n<p>La Cor\u00e9e du Nord menace quasiment quotidiennement S\u00e9oul et Washington de frappes nucl\u00e9aires ou conventionnelles et semble faire fi de la r\u00e9solution 2270 du 2 mars du Conseil de s\u00e9curit\u00e9.<\/p>\n<h3><strong>La cl\u00e9 nord-cor\u00e9enne \u00e0 P\u00e9kin<\/strong><\/h3>\n<p>Mais la cl\u00e9 du dossier nord-cor\u00e9en se trouve \u00e0 P\u00e9kin.<\/p>\n<p>La Chine a bien vot\u00e9 les sanctions de l&rsquo;ONU, mais les Etats-Unis veulent qu&rsquo;elle fasse monter la pression sur son alli\u00e9 \u00e0 Pyongyang pour lui faire entendre raison.<\/p>\n<p>C&rsquo;est dans cette optique que M. Obama a re\u00e7u en t\u00eate-\u00e0-t\u00eate le pr\u00e9sident chinois.<\/p>\n<p>\u00ab\u00a0Le pr\u00e9sident Xi et moi-m\u00eame sommes d\u00e9termin\u00e9s \u00e0 obtenir une d\u00e9nucl\u00e9arisation de la p\u00e9ninsule cor\u00e9enne et la pleine application des sanctions de l&rsquo;ONU\u00a0\u00bb, a martel\u00e9 M. Obama aux c\u00f4t\u00e9s de son invit\u00e9.<\/p>\n<p>Ce dernier a salu\u00e9 une \u00ab\u00a0coordination et une communication efficaces\u00a0\u00bb avec les Etats-Unis sur la \u00ab\u00a0question du nucl\u00e9aire cor\u00e9en\u00a0\u00bb.<\/p>\n<p>Mais sur les nombreux contentieux entre les deux premi\u00e8res puissances mondiales, le pr\u00e9sident am\u00e9ricain a promis des \u00ab\u00a0\u00e9changes francs dans les domaines o\u00f9 nous avons des d\u00e9saccords\u00a0\u00bb comme \u00ab\u00a0les droits de l&rsquo;homme\u00a0\u00bb, le piratage informatique ou les tensions en mer de Chine.<\/p>\n<h3><strong>Bombe sale&rsquo; aux mains de l&rsquo;EI<\/strong><\/h3>\n<p>Ce dernier sommet sur le nucl\u00e9aire pour Barack Obama se tient dans le contexte dramatique des attentats de Bruxelles (32 morts et 340 bless\u00e9s) et dans le sillage d&rsquo;informations sur une hypoth\u00e9tique attaque \u00ab\u00a0terroriste nucl\u00e9aire\u00a0\u00bb au moyen d&rsquo;une \u00ab\u00a0bombe sale\u00a0\u00bb radioactive qui serait fabriqu\u00e9e par des jihadistes de l&rsquo;EI.<\/p>\n","protected":false},"excerpt":{"rendered":"<p>Obama et ses alli\u00e9s japonais et sud-cor\u00e9en ont promis jeudi de se \u00ab\u00a0d\u00e9fendre\u00a0\u00bb contre la menace atomique de la Cor\u00e9e du Nord, lors d&rsquo;un sommet sur le nucl\u00e9aire o\u00f9 le pr\u00e9sident am\u00e9ricain a \u00e9voqu\u00e9 les sujets qui f\u00e2chent avec son homologue chinois Xi Jinping. En outre, le sc\u00e9nario catastrophe d&rsquo;un \u00ab\u00a0attentat terroriste nucl\u00e9aire\u00a0\u00bb, au moyen [&hellip;]<\/p>\n","protected":false},"author":1,"featured_media":2324,"comment_status":"open","ping_status":"closed","sticky":false,"template":"","format":"standard","meta":{"footnotes":""},"categories":[30],"tags":[479,480,3307],"class_list":["post-2323","post","type-post","status-publish","format-standard","has-post-thumbnail","hentry","category-actualite","tag-barack-obama","tag-coree-du-nord","tag-menace-atomique-nord-coreenne"],"aioseo_notices":[],"_links":{"self":[{"href":"https:\/\/www.culturalusa.com\/news\/wp-json\/wp\/v2\/posts\/2323","targetHints":{"allow":["GET"]}}],"collection":[{"href":"https:\/\/www.culturalusa.com\/news\/wp-json\/wp\/v2\/posts"}],"about":[{"href":"https:\/\/www.culturalusa.com\/news\/wp-json\/wp\/v2\/types\/post"}],"author":[{"embeddable":true,"href":"https:\/\/www.culturalusa.com\/news\/wp-json\/wp\/v2\/users\/1"}],"replies":[{"embeddable":true,"href":"https:\/\/www.culturalusa.com\/news\/wp-json\/wp\/v2\/comments?post=2323"}],"version-history":[{"count":2,"href":"https:\/\/www.culturalusa.com\/news\/wp-json\/wp\/v2\/posts\/2323\/revisions"}],"predecessor-version":[{"id":13434,"href":"https:\/\/www.culturalusa.com\/news\/wp-json\/wp\/v2\/posts\/2323\/revisions\/13434"}],"wp:featuredmedia":[{"embeddable":true,"href":"https:\/\/www.culturalusa.com\/news\/wp-json\/wp\/v2\/media\/2324"}],"wp:attachment":[{"href":"https:\/\/www.culturalusa.com\/news\/wp-json\/wp\/v2\/media?parent=2323"}],"wp:term":[{"taxonomy":"category","embeddable":true,"href":"https:\/\/www.culturalusa.com\/news\/wp-json\/wp\/v2\/categories?post=2323"},{"taxonomy":"post_tag","embeddable":true,"href":"https:\/\/www.culturalusa.com\/news\/wp-json\/wp\/v2\/tags?post=2323"}],"curies":[{"name":"wp","href":"https:\/\/api.w.org\/{rel}","templated":true}]}}