{"id":2332,"date":"2016-04-11T01:58:03","date_gmt":"2016-04-10T23:58:03","guid":{"rendered":"http:\/\/www.culturalusa.com\/news\/?p=2332"},"modified":"2016-04-11T01:58:03","modified_gmt":"2016-04-10T23:58:03","slug":"antonio-costa-de-nouvelles-mesures-de-rigueur-seraient-prises-si-necessaire","status":"publish","type":"post","link":"https:\/\/www.culturalusa.com\/news\/portugal\/antonio-costa-de-nouvelles-mesures-de-rigueur-seraient-prises-si-necessaire\/","title":{"rendered":"Antonio Costa : de nouvelles mesures de rigueur seraient prises si n\u00e9cessaire"},"content":{"rendered":"<figure id=\"attachment_1962\" aria-describedby=\"caption-attachment-1962\" style=\"width: 467px\" class=\"wp-caption aligncenter\"><img loading=\"lazy\" decoding=\"async\" src=\"http:\/\/www.culturalusa.com\/news\/wp-content\/uploads\/2015\/10\/antonio-costa.jpg\" alt=\"Premier ministre portugais : Antonio Costa (PS)\" width=\"467\" height=\"286\" class=\"size-full wp-image-1962\" srcset=\"https:\/\/www.culturalusa.com\/news\/wp-content\/uploads\/2015\/10\/antonio-costa.jpg 467w, https:\/\/www.culturalusa.com\/news\/wp-content\/uploads\/2015\/10\/antonio-costa-275x168.jpg 275w\" sizes=\"auto, (max-width: 467px) 100vw, 467px\" \/><figcaption id=\"caption-attachment-1962\" class=\"wp-caption-text\">Premier ministre portugais : Antonio Costa (PS)<\/figcaption><\/figure>Le Premier ministre socialiste portugais Antonio Costa a assur\u00e9, que de nouvelles mesures de rigueur seraient prises \u00ab\u00a0si n\u00e9cessaire\u00a0\u00bb pour respecter les objectifs budg\u00e9taires du pays, tout en disant esp\u00e9rer qu&rsquo;elles seront inutiles.<\/p>\n<p>Le gouvernement est \u00ab\u00a0confiant\u00a0\u00bb dans la capacit\u00e9 du Portugal \u00e0 atteindre ses objectifs \u00ab\u00a0sans mesures suppl\u00e9mentaires\u00a0\u00bb, mais \u00ab\u00a0si elles s&rsquo;av\u00e8rent n\u00e9cessaires, elles seront prises\u00a0\u00bb, a affirm\u00e9 M. Costa dans une interview au quotidien portugais Diario de Noticias.<\/p>\n<p>Le chef de l&rsquo;ex\u00e9cutif a toutefois \u00e9cart\u00e9 d&#8217;embl\u00e9e des \u00ab\u00a0coupes dans les salaires ou les pensions\u00a0\u00bb et \u00ab\u00a0des imp\u00f4ts suppl\u00e9mentaires sur le travail ou sur les biens de premi\u00e8re n\u00e9cessit\u00e9\u00a0\u00bb.<\/p>\n<p>Le gouvernement socialiste, arriv\u00e9 au pouvoir dans la foul\u00e9e des \u00e9lections d&rsquo;octobre gr\u00e2ce \u00e0 une alliance avec la gauche radicale, a adopt\u00e9 un budget pour 2016 cens\u00e9 ma\u00eetriser les d\u00e9penses publiques tout en all\u00e9geant les mesures d&rsquo;aust\u00e9rit\u00e9 mises en oeuvre par le pr\u00e9c\u00e9dent ex\u00e9cutif de droite.<\/p>\n<p>Pour obtenir le feu vert de la Commission europ\u00e9enne, Lisbonne avait d\u00fb revoir \u00e0 la baisse son objectif initial de d\u00e9ficit public, \u00e0 2,2% du PIB.<\/p>\n<p>Le gouvernement portugais avait aussi d\u00fb pr\u00e9senter des mesures d&rsquo;aust\u00e9rit\u00e9 suppl\u00e9mentaires \u00e9valu\u00e9es \u00e0 1,1 milliard d&rsquo;euros, dont une s\u00e9rie de hausses d&rsquo;imp\u00f4ts sur les carburants, les v\u00e9hicules, le tabac et les alcools.<\/p>\n<p>Mais d&rsquo;autres efforts pourraient s&rsquo;av\u00e9rer n\u00e9cessaires pour rester dans les limites du pacte de stabilit\u00e9, avait pr\u00e9venu la Commission europ\u00e9enne, qui examinera \u00e0 nouveau le budget en mai.<\/p>\n<p>Le Fonds mon\u00e9taire international (FMI) a abond\u00e9 dans ce sens d\u00e9but avril, estimant que sans mesures suppl\u00e9mentaires le d\u00e9ficit public atteindrait 2,9% du PIB en 2016, appelant notamment \u00e0 revenir sur l&rsquo;all\u00e8gement d&rsquo;une surtaxe sur les salaires et \u00e0 \u00e9taler dans le temps la suppression de coupes dans les revenus des fonctionnaires. (AFP)<\/p>\n","protected":false},"excerpt":{"rendered":"<p>Le Premier ministre socialiste portugais Antonio Costa a assur\u00e9, que de nouvelles mesures de rigueur seraient prises \u00ab\u00a0si n\u00e9cessaire\u00a0\u00bb pour respecter les objectifs budg\u00e9taires du pays, tout en disant esp\u00e9rer qu&rsquo;elles seront inutiles. Le gouvernement est \u00ab\u00a0confiant\u00a0\u00bb dans la capacit\u00e9 du Portugal \u00e0 atteindre ses objectifs \u00ab\u00a0sans mesures suppl\u00e9mentaires\u00a0\u00bb, mais \u00ab\u00a0si elles s&rsquo;av\u00e8rent n\u00e9cessaires, elles [&hellip;]<\/p>\n","protected":false},"author":1,"featured_media":0,"comment_status":"open","ping_status":"closed","sticky":false,"template":"","format":"standard","meta":{"footnotes":""},"categories":[3],"tags":[],"class_list":["post-2332","post","type-post","status-publish","format-standard","hentry","category-portugal"],"aioseo_notices":[],"_links":{"self":[{"href":"https:\/\/www.culturalusa.com\/news\/wp-json\/wp\/v2\/posts\/2332","targetHints":{"allow":["GET"]}}],"collection":[{"href":"https:\/\/www.culturalusa.com\/news\/wp-json\/wp\/v2\/posts"}],"about":[{"href":"https:\/\/www.culturalusa.com\/news\/wp-json\/wp\/v2\/types\/post"}],"author":[{"embeddable":true,"href":"https:\/\/www.culturalusa.com\/news\/wp-json\/wp\/v2\/users\/1"}],"replies":[{"embeddable":true,"href":"https:\/\/www.culturalusa.com\/news\/wp-json\/wp\/v2\/comments?post=2332"}],"version-history":[{"count":0,"href":"https:\/\/www.culturalusa.com\/news\/wp-json\/wp\/v2\/posts\/2332\/revisions"}],"wp:attachment":[{"href":"https:\/\/www.culturalusa.com\/news\/wp-json\/wp\/v2\/media?parent=2332"}],"wp:term":[{"taxonomy":"category","embeddable":true,"href":"https:\/\/www.culturalusa.com\/news\/wp-json\/wp\/v2\/categories?post=2332"},{"taxonomy":"post_tag","embeddable":true,"href":"https:\/\/www.culturalusa.com\/news\/wp-json\/wp\/v2\/tags?post=2332"}],"curies":[{"name":"wp","href":"https:\/\/api.w.org\/{rel}","templated":true}]}}