{"id":2355,"date":"2016-05-13T01:58:07","date_gmt":"2016-05-12T23:58:07","guid":{"rendered":"http:\/\/www.culturalusa.com\/news\/?p=2355"},"modified":"2016-05-13T01:58:07","modified_gmt":"2016-05-12T23:58:07","slug":"bresil-dilma-rousseff-quitte-la-presidence-par-la-porte-principale","status":"publish","type":"post","link":"https:\/\/www.culturalusa.com\/news\/actualite\/bresil-dilma-rousseff-quitte-la-presidence-par-la-porte-principale\/","title":{"rendered":"Br\u00e9sil: Dilma Rousseff quitte la pr\u00e9sidence par la porte principale"},"content":{"rendered":"<p><img loading=\"lazy\" decoding=\"async\" src=\"http:\/\/www.culturalusa.com\/news\/wp-content\/uploads\/2016\/05\/DilmaRousseff.jpg\" alt=\"Dilma Rousseff\" width=\"470\" height=\"300\" class=\"aligncenter size-full wp-image-2356\" srcset=\"https:\/\/www.culturalusa.com\/news\/wp-content\/uploads\/2016\/05\/DilmaRousseff.jpg 470w, https:\/\/www.culturalusa.com\/news\/wp-content\/uploads\/2016\/05\/DilmaRousseff-275x176.jpg 275w\" sizes=\"auto, (max-width: 470px) 100vw, 470px\" \/>Dilma Rousseff quitte le si\u00e8ge de la pr\u00e9sidence par la porte principale, fid\u00e8le \u00e0 sa combativit\u00e9 et salu\u00e9e par des centaines de partisans \u00e9mus aux larmes pour un au revoir aux allures d&rsquo;adieux.<\/p>\n<p>Apr\u00e8s une d\u00e9claration devant la presse, d\u00e9j\u00e0 entour\u00e9e de nombreux ministres et soutiens parlementaires, Mme Rousseff tient un discours aux c\u00f4t\u00e9s des m\u00eames proches mais aussi de son pr\u00e9d\u00e9cesseur et mentor, Luiz Inacio Lula da Silva, visiblement \u00e9mu et s&rsquo;\u00e9pongeant le front sous le soleil de la capitale.<\/p>\n<p>Mais de larmes chez la chef de l&rsquo;Etat \u00e9cart\u00e9e du pouvoir, point.<\/p>\n<p>\u00ab\u00a0C&rsquo;est triste parce que je pars aujourd&rsquo;hui, c&rsquo;est un moment tragique pour le pays. Je suis triste, mais vous faites en sorte que cette tristesse diminue\u00a0\u00bb, lance jeudi apr\u00e8s-midi celle que tous les Br\u00e9siliens appellent simplement \u00ab\u00a0Dilma\u00a0\u00bb devant le Palais du Planalto, \u00e0 Brasilia.<\/p>\n<p>\u00ab\u00a0Dilma, guerri\u00e8re de la patrie br\u00e9silienne!\u00a0\u00bb ou encore \u00ab\u00a0ol\u00e9 ol\u00e9 ol\u00e9 ola, Dilma, Dilma!\u00a0\u00bb, scandent quelques centaines de supporters v\u00eatus en rouge.<\/p>\n<p>Etrange ambiance, tenant aussi bien de la ferveur combative que du recueillement fataliste&#8230;<\/p>\n<p><strong>Diction martiale<\/strong><br \/>\nVeste blanche, symbole de l&rsquo;innocence, Mme Rousseff reste fid\u00e8le \u00e0 sa diction martiale, son attitude rigide, son go\u00fbt du \u00ab\u00a0combat\u00a0\u00bb, h\u00e9rit\u00e9e de ses ann\u00e9es de gu\u00e9rillera pendant la dictature (1964-85), lorsqu&rsquo;elle d\u00e9fiait du regard ses tortionnaires.<\/p>\n<p>Eleonora Menicucci, qui fut sa camarade de cellule dans les ann\u00e9es de plomb puis responsable des Droits des femmes dans son gouvernement, est l\u00e0 aussi.<\/p>\n<p>\u00ab\u00a0Dilma\u00a0\u00bb se d\u00e9ride toutefois lors du bain de foule, \u00e0 serrer des mains et recevoir des encouragements, en se dirigeant vers sa voiture noire. Elle prend le temps, savoure ce contact avec ses soutiens, qui ne sont plus si nombreux au Br\u00e9sil: de 77% de popularit\u00e9, elle est tomb\u00e9e \u00e0 un maigre 10%.<\/p>\n<p>Marcia Kumer compte lui donner des roses. \u00ab\u00a0On va se battre, on va descendre dans la rue pour d\u00e9fendre nos droits\u00a0\u00bb, dit cette ing\u00e9nieure fonctionnaire de 56 ans en \u00e9levant la voix, le regard embu\u00e9.<\/p>\n<p>Elle se rue vers la femme d&rsquo;Etat et parvient \u00e0 lui remettre son bouquet. \u00ab\u00a0Je l&rsquo;ai appel\u00e9e \u00ab\u00a0ma ch\u00e8re\u00a0\u00bb et je lui ai dit qu&rsquo;on \u00e9tait avec elle\u00a0\u00bb, confie-t-elle encore tremblante. \u00ab\u00a0Elle m&rsquo;a remerci\u00e9e et m&rsquo;a dit qu&rsquo;on allait continuer \u00e0 avancer\u00a0\u00bb.<\/p>\n<p>Pour l&rsquo;instant, Mme Rousseff, \u00e9lue en 2011 et r\u00e9\u00e9lue en 2014, sera bloqu\u00e9e dans sa r\u00e9sidence officielle de l&rsquo;Alvorada, apr\u00e8s avoir \u00e9t\u00e9 \u00e9cart\u00e9e du pouvoir jeudi matin lorsque les s\u00e9nateurs ont vot\u00e9 l&rsquo;ouverture de son proc\u00e8s en destitution. En attendant son jugement par le S\u00e9nat d&rsquo;ici 180 jours au plus, elle a d\u00fb laisser son fauteuil \u00e0 son vice-pr\u00e9sident Michel Temer.<\/p>\n<p><strong>Temer tra\u00eetre<\/strong><br \/>\nLes rouges lancent des \u00ab\u00a0Dehors Temer!\u00a0\u00bb ou des \u00ab\u00a0Putschistes, fascistes, no pasaran!\u00a0\u00bb. \u00ab\u00a0Moi, j&rsquo;ai vot\u00e9 pour Dilma avec Temer, pas pour Temer\u00a0\u00bb, souligne Vinicius Vitoi, fonctionnaire de 54 ans qui dresse une pancarte \u00ab\u00a0Temer tra\u00eetre\u00a0\u00bb.<\/p>\n<p>Amie personnelle de la pr\u00e9sidente, Katia Abreu avait contrevenu \u00e0 la consigne de son parti, le m\u00eame que celui de M. Temer, en restant au gouvernement. <\/p>\n<p>Elle a les larmes aux yeux. \u00ab\u00a0La premi\u00e8re femme \u00e0 gouverner le Br\u00e9sil, honn\u00eate, comp\u00e9tente, qui pense \u00e0 l&rsquo;int\u00e9r\u00eat g\u00e9n\u00e9ral, a subi une destitution sans avoir commis de crime\u00a0\u00bb, l\u00e2che-t-elle \u00e0 l&rsquo;AFP.<\/p>\n<p>Au milieu d&rsquo;un cort\u00e8ge de gardes du corps en costumes sombres, Mme Rousseff arrive \u00e0 sa voiture. Elle refait quelques pas en arri\u00e8re en direction du Planalto, et agite la main en direction des fonctionnaires de la pr\u00e9sidence mass\u00e9s aux fen\u00eatres du b\u00e2timent et au bord d&rsquo;un \u00e9tang.<\/p>\n<p>Avant de s&rsquo;engouffrer dans le v\u00e9hicule, au sein d&rsquo;un convoi de sept voitures, elle leur souffle un baiser. \u00ab\u00a0Dilma\u00a0\u00bb a quitt\u00e9 la lumi\u00e8re pour rentrer dans l&rsquo;ombre. (AFP)<\/p>\n","protected":false},"excerpt":{"rendered":"<p>Dilma Rousseff quitte le si\u00e8ge de la pr\u00e9sidence par la porte principale, fid\u00e8le \u00e0 sa combativit\u00e9 et salu\u00e9e par des centaines de partisans \u00e9mus aux larmes pour un au revoir aux allures d&rsquo;adieux. Apr\u00e8s une d\u00e9claration devant la presse, d\u00e9j\u00e0 entour\u00e9e de nombreux ministres et soutiens parlementaires, Mme Rousseff tient un discours aux c\u00f4t\u00e9s des [&hellip;]<\/p>\n","protected":false},"author":1,"featured_media":0,"comment_status":"open","ping_status":"closed","sticky":false,"template":"","format":"standard","meta":{"footnotes":""},"categories":[30],"tags":[487],"class_list":["post-2355","post","type-post","status-publish","format-standard","hentry","category-actualite","tag-dilma-rousseff"],"aioseo_notices":[],"_links":{"self":[{"href":"https:\/\/www.culturalusa.com\/news\/wp-json\/wp\/v2\/posts\/2355","targetHints":{"allow":["GET"]}}],"collection":[{"href":"https:\/\/www.culturalusa.com\/news\/wp-json\/wp\/v2\/posts"}],"about":[{"href":"https:\/\/www.culturalusa.com\/news\/wp-json\/wp\/v2\/types\/post"}],"author":[{"embeddable":true,"href":"https:\/\/www.culturalusa.com\/news\/wp-json\/wp\/v2\/users\/1"}],"replies":[{"embeddable":true,"href":"https:\/\/www.culturalusa.com\/news\/wp-json\/wp\/v2\/comments?post=2355"}],"version-history":[{"count":0,"href":"https:\/\/www.culturalusa.com\/news\/wp-json\/wp\/v2\/posts\/2355\/revisions"}],"wp:attachment":[{"href":"https:\/\/www.culturalusa.com\/news\/wp-json\/wp\/v2\/media?parent=2355"}],"wp:term":[{"taxonomy":"category","embeddable":true,"href":"https:\/\/www.culturalusa.com\/news\/wp-json\/wp\/v2\/categories?post=2355"},{"taxonomy":"post_tag","embeddable":true,"href":"https:\/\/www.culturalusa.com\/news\/wp-json\/wp\/v2\/tags?post=2355"}],"curies":[{"name":"wp","href":"https:\/\/api.w.org\/{rel}","templated":true}]}}