{"id":2357,"date":"2016-05-18T01:51:06","date_gmt":"2016-05-17T23:51:06","guid":{"rendered":"http:\/\/www.culturalusa.com\/news\/?p=2357"},"modified":"2020-12-17T19:35:49","modified_gmt":"2020-12-17T18:35:49","slug":"le-portugal-cherche-a-seviter-les-foudres-de-la-commission-europeenne","status":"publish","type":"post","link":"https:\/\/www.culturalusa.com\/news\/portugal\/le-portugal-cherche-a-seviter-les-foudres-de-la-commission-europeenne\/","title":{"rendered":"Le Portugal cherche \u00e0 s&rsquo;\u00e9viter les foudres de la Commission europ\u00e9enne"},"content":{"rendered":"<p>Passos Coelho et Antonio Costa[\/caption]Le Portugal, ancien \u00e9l\u00e8ve mod\u00e8le de la zone euro qui a desserr\u00e9 l&rsquo;\u00e9tau de l&rsquo;aust\u00e9rit\u00e9 depuis l&rsquo;arriv\u00e9e au pouvoir de la gauche, cherche \u00e0 s&rsquo;\u00e9viter \u00e0 tout prix les foudres de la Commission europ\u00e9enne, tr\u00e8s critique envers ses d\u00e9rapages budg\u00e9taires.<\/p>\n<p>Cible potentielle de sanctions pour d\u00e9ficit excessif, tout comme Madrid, Lisbonne a multipli\u00e9 les appels \u00e0 la cl\u00e9mence en direction des fonctionnaires de Bruxelles qui doivent rendre leur verdict mercredi.<\/p>\n<p>\u00abIl n&rsquo;est pas juste d&rsquo;appliquer au Portugal la moindre sanction, apr\u00e8s tout ce que les Portugais ont endur\u00e9 ces quatre derni\u00e8res ann\u00e9es\u00bb, a plaid\u00e9 ainsi le Premier ministre socialiste Antonio Costa. \u00abNous allons tenir nos objectifs\u00bb, a-t-il r\u00e9it\u00e9r\u00e9 samedi soir.<\/p>\n<p>Fait inhabituel, son pr\u00e9d\u00e9cesseur de centre droit, Pedro Passos Coelho, est sur la m\u00eame longueur d&rsquo;onde, d&rsquo;autant que c&rsquo;est lui qui \u00e9tait \u00e0 la t\u00eate du gouvernement pratiquement jusqu&rsquo;\u00e0 la fin 2015, ann\u00e9e qui s&rsquo;est sold\u00e9e par un d\u00e9ficit public de 4,4% du PIB, sup\u00e9rieur \u00e0 la limite de 3% autoris\u00e9e par Bruxelles.<\/p>\n<p>Issu de la m\u00eame famille politique que Jean-Claude Juncker, M. Passos Coelho a fait savoir au pr\u00e9sident de la Commission europ\u00e9enne qu&rsquo;\u00abil n&rsquo;y a pas de raison de sanctionner le Portugal\u00bb, arguant que le d\u00e9rapage \u00e9tait d\u00fb au co\u00fbt impr\u00e9vu du sauvetage en d\u00e9cembre de la banque Banif.<\/p>\n<p><strong>Arme in\u00e9dite<\/strong><br \/>\nSi la Commission juge insuffisants les efforts d&rsquo;assainissement budg\u00e9taire du Portugal ou de l&rsquo;Espagne, elle pourrait envisager des amendes allant jusqu&rsquo;\u00e0 0,2% du PIB, une arme encore jamais utilis\u00e9e et \u00e0 laquelle la France et l&rsquo;Italie ont \u00e9chapp\u00e9 \u00e0 plusieurs reprises.<\/p>\n<p>Une telle sanction frapperait le Portugal au moment o\u00f9 son \u00e9conomie donne des signes de faiblesse, avec une maigre croissance de 0,1% au premier trimestre, due notamment au ralentissement de ses exportations vers l&rsquo;Angola et la Chine.<\/p>\n<p>Cette contre-performance \u00e9loigne la perspective de voir le gouvernement atteindre son objectif ambitieux d&rsquo;une croissance de 1,8% en 2016, et contrarie, par ricochet, son pari de r\u00e9duire le d\u00e9ficit \u00e0 2,2% du PIB.<\/p>\n<p>\u00abL&rsquo;objectif de d\u00e9ficit est irr\u00e9aliste, car l&rsquo;\u00e9conomie est au ralenti, la d\u00e9pense publique augmente et l&rsquo;investissement ne d\u00e9colle pas\u00bb, commente \u00e0 l&rsquo;AFP Pedro Lino, g\u00e9rant de la maison de courtage Dif Broker.<\/p>\n<p>Arriv\u00e9 au pouvoir fin novembre 2015 gr\u00e2ce \u00e0 une alliance avec la gauche radicale, Antonio Costa a commenc\u00e9 \u00e0 d\u00e9tricoter une s\u00e9rie de mesures de rigueur mises en place par la droite apr\u00e8s l&rsquo;appel du pays \u00e0 une aide financi\u00e8re internationale en 2011.<\/p>\n<p>Hausse du salaire minimum, retour aux 35 heures programm\u00e9 pour la fonction publique, fin des surtaxes sur les revenus ou encore annulation de privatisations dans les transports ont \u00e9t\u00e9 autant de mesures accueillies avec le plus grand scepticisme par Bruxelles.<\/p>\n<p><strong>Choix politique<\/strong><br \/>\nSous la pression de la Commission europ\u00e9enne, Lisbonne a d\u00fb corriger \u00e0 plusieurs reprises les chiffres de son budget 2016. Bruxelles a fini par l&rsquo;approuver, mais a r\u00e9clam\u00e9 des mesures d&rsquo;aust\u00e9rit\u00e9 suppl\u00e9mentaires.<\/p>\n<p>Les Portugais eux-m\u00eames n&rsquo;y croient pas: selon un sondage de l&rsquo;institut Eurosondagem publi\u00e9 samedi, pr\u00e8s de 58% d&rsquo;entre eux ne font pas confiance aux comptes du gouvernement et 53% s&rsquo;attendent \u00e0 un douloureux \u00abplan B\u00bb, malgr\u00e9 les d\u00e9n\u00e9gations d&rsquo;Antonio Costa.<\/p>\n<p>Si les analystes au Portugal sont unanimes \u00e0 juger peu cr\u00e9dibles les objectifs gouvernementaux, ils ont cependant du mal \u00e0 croire que Bruxelles passe \u00e0 l&rsquo;acte et inflige une amende \u00e0 Lisbonne.<\/p>\n<p>\u00abCe serait un choix politique qui n&rsquo;aurait pas de sens dans le contexte actuel, car les comptes du Portugal se sont am\u00e9lior\u00e9s\u00bb, fait valoir Paula Carvalho, \u00e9conomiste de la banque BPI qui pr\u00e9voit tout au plus \u00abun avertissement, sans impact financier\u00bb.<\/p>\n<p>Et le professeur d&rsquo;\u00e9conomie Joao Cesar das Neves jugerait un tel geste \u00absurprenant\u00bb, car \u00abune sanction signifierait que Bruxelles ne croit d\u00e9j\u00e0 plus au gouvernement en place et que finalement, le Portugal, c&rsquo;est comme la Gr\u00e8ce\u00bb. (AFP)<\/p>\n","protected":false},"excerpt":{"rendered":"<p>Passos Coelho et Antonio Costa[\/caption]Le Portugal, ancien \u00e9l\u00e8ve mod\u00e8le de la zone euro qui a desserr\u00e9 l&rsquo;\u00e9tau de l&rsquo;aust\u00e9rit\u00e9 depuis l&rsquo;arriv\u00e9e au pouvoir de la gauche, cherche \u00e0 s&rsquo;\u00e9viter \u00e0 tout prix les foudres de la Commission europ\u00e9enne, tr\u00e8s critique envers ses d\u00e9rapages budg\u00e9taires. Cible potentielle de sanctions pour d\u00e9ficit excessif, tout comme Madrid, Lisbonne [&hellip;]<\/p>\n","protected":false},"author":1,"featured_media":1942,"comment_status":"open","ping_status":"closed","sticky":false,"template":"","format":"standard","meta":{"footnotes":""},"categories":[3],"tags":[180,321],"class_list":["post-2357","post","type-post","status-publish","format-standard","has-post-thumbnail","hentry","category-portugal","tag-commission-europeenne","tag-portugal"],"aioseo_notices":[],"_links":{"self":[{"href":"https:\/\/www.culturalusa.com\/news\/wp-json\/wp\/v2\/posts\/2357","targetHints":{"allow":["GET"]}}],"collection":[{"href":"https:\/\/www.culturalusa.com\/news\/wp-json\/wp\/v2\/posts"}],"about":[{"href":"https:\/\/www.culturalusa.com\/news\/wp-json\/wp\/v2\/types\/post"}],"author":[{"embeddable":true,"href":"https:\/\/www.culturalusa.com\/news\/wp-json\/wp\/v2\/users\/1"}],"replies":[{"embeddable":true,"href":"https:\/\/www.culturalusa.com\/news\/wp-json\/wp\/v2\/comments?post=2357"}],"version-history":[{"count":0,"href":"https:\/\/www.culturalusa.com\/news\/wp-json\/wp\/v2\/posts\/2357\/revisions"}],"wp:featuredmedia":[{"embeddable":true,"href":"https:\/\/www.culturalusa.com\/news\/wp-json\/wp\/v2\/media\/1942"}],"wp:attachment":[{"href":"https:\/\/www.culturalusa.com\/news\/wp-json\/wp\/v2\/media?parent=2357"}],"wp:term":[{"taxonomy":"category","embeddable":true,"href":"https:\/\/www.culturalusa.com\/news\/wp-json\/wp\/v2\/categories?post=2357"},{"taxonomy":"post_tag","embeddable":true,"href":"https:\/\/www.culturalusa.com\/news\/wp-json\/wp\/v2\/tags?post=2357"}],"curies":[{"name":"wp","href":"https:\/\/api.w.org\/{rel}","templated":true}]}}