{"id":2371,"date":"2016-05-26T00:25:39","date_gmt":"2016-05-25T22:25:39","guid":{"rendered":"http:\/\/www.culturalusa.com\/news\/?p=2371"},"modified":"2025-02-18T11:37:42","modified_gmt":"2025-02-18T10:37:42","slug":"face-a-un-risque-de-paralysie-en-france-letat-prend-des-mesures-dexception","status":"publish","type":"post","link":"https:\/\/www.culturalusa.com\/news\/actualite\/face-a-un-risque-de-paralysie-en-france-letat-prend-des-mesures-dexception\/","title":{"rendered":"Face \u00e0 un risque de paralysie en France, l&rsquo;Etat prend des mesures d&rsquo;exception"},"content":{"rendered":"<h2>Face \u00e0 un mouvement qui s&rsquo;est durcit contre la loi travail et au risque de paralysie du pays, l&rsquo;Etat fran\u00e7ais se montre intransigeant, recourant \u00e0 des mesures exceptionnelles comme des ponctions dans les r\u00e9serves strat\u00e9giques de carburant et des interventions muscl\u00e9es pour d\u00e9bloquer des d\u00e9p\u00f4ts.<\/h2>\n<blockquote><p>La CGT ne fait pas la loi dans le pays, a lanc\u00e9 \u00e0 l&rsquo;Assembl\u00e9e nationale le Premier ministre, Manuel Valls, au sujet des blocages organis\u00e9s par la centrale syndicale pour protester contre le projet de loi, dont il a assur\u00e9 qu&rsquo;il n&rsquo;y aura pas de retrait.<\/p><\/blockquote>\n<p>Le chef du gouvernement a aussi pr\u00e9venu: aucune option ne sera \u00e9cart\u00e9e pour lever les blocages.<\/p>\n<p>De son c\u00f4t\u00e9, le pr\u00e9sident, Fran\u00e7ois Hollande, a assur\u00e9 lors du conseil des ministres que tout serait mis en oeuvre pour assurer l&rsquo;approvisionnement aux Fran\u00e7ais et \u00e0 l&rsquo;\u00e9conomie, selon des propos rapport\u00e9s par le porte-parole du gouvernement, St\u00e9phane Le Foll.<\/p>\n<p>L&rsquo;Etat a d\u00e9j\u00e0 d\u00e9bloqu\u00e9 11 d\u00e9p\u00f4ts p\u00e9troliers paralys\u00e9s par des manifestants, envoyant par exemple \u00e0 l&rsquo;aube les forces de l&rsquo;ordre \u00e0 Douchy-les-Mines (Nord), et utilis\u00e9 trois jours de stocks strat\u00e9giques de produits p\u00e9troliers sur les 115 disponibles, alors que les files d&rsquo;attente aux stations-services s&rsquo;\u00e9tirent et s&rsquo;\u00e9tendent dans le pays.<\/p>\n<p>J&rsquo;ai connu mai 68 et je peux vous dire que ce n&rsquo;\u00e9tait pas marrant les p\u00e9nuries donc je prends mes pr\u00e9cautions. Le climat actuel m&rsquo;inqui\u00e8te, \u00e7a na va pas du tout, je crains la r\u00e9volution, a t\u00e9moign\u00e9 \u00e0 l&rsquo;AFP Viviane, retrait\u00e9e de 66 ans, dans une station-service de l&rsquo;Allier.<\/p>\n<p>Pr\u00e8s de l&rsquo;H\u00f4tel de Ville de Grenoble, le g\u00e9rant d&rsquo;une petite station-service voit lui aussi d\u00e9filer de fa\u00e7on ininterrompue depuis samedi un ballet d&rsquo;automobilistes devant ses pompes, dont il a limit\u00e9 tout approvisionnement \u00e0 20 euros.<\/p>\n<p>Autre mesure rare: les transporteurs ont \u00e9t\u00e9 autoris\u00e9s par un arr\u00eat\u00e9 \u00e0 d\u00e9roger temporairement aux r\u00e8gles en mati\u00e8re de temps de conduite et de repos pour faciliter l&rsquo;approvisionnement des stations-service.<\/p>\n<p>Selon Pierre Auclair, cofondateur de l&rsquo;application mobile Essence comparateur carburant, 4.026 stations sur 11.500 sont peu ou prou en p\u00e9nurie de carburant, tandis que le site de comparaison Carbeo.com avance le nombre de 3.161 (soit plus de 26%).<\/p>\n<p>Total affirme que dans son r\u00e9seau de 2.200 stations, un peu plus d&rsquo;un tiers sont en rupture totale ou partielle, mais le secr\u00e9tariat d&rsquo;Etat aux Transports, Alain Vidalies, a assur\u00e9 que la situation s&rsquo;est am\u00e9lior\u00e9e mercredi gr\u00e2ce aux acheminements massifs de carburants.<\/p>\n<p>Dans le Finist\u00e8re, la pr\u00e9fecture a lev\u00e9 le rationnement de carburant instaur\u00e9 vendredi par arr\u00eat\u00e9, une mesure qui n&rsquo;a toutefois pas encore \u00e9t\u00e9 suivie dans le reste du grand ouest (Normandie, Bretagne, Pays de la Loire, Centre), o\u00f9 des difficult\u00e9s persistaient.<\/p>\n<h3><strong>Risques d&rsquo;amplification<\/strong><\/h3>\n<p>Oppos\u00e9s \u00e0 la loi El Khomri, les syndicats, CGT et FO en t\u00eate, appellent \u00e0 une huiti\u00e8me journ\u00e9e de gr\u00e8ves et de manifestations partout en France jeudi pour r\u00e9clamer le retrait du texte. Mais les protestataires \u00e9taient d\u00e9j\u00e0 tr\u00e8s actifs mercredi.<\/p>\n<p>Le conflit s&rsquo;est cristallis\u00e9 autour des sites p\u00e9troliers. Six raffineries sur huit au total \u00e9taient touch\u00e9es, m\u00eame si la gr\u00e8ve dans la raffinerie ExxonMobil de Port-J\u00e9r\u00f4me-Gravenchon (Seine-Maritime), pr\u00e8s du Havre, \u00e9tait sans effet sur la production mercredi, du fait d&rsquo;une faible mobilisation.<\/p>\n<p>La Compagnie industrielle maritime (CIM), autrement dit le terminal p\u00e9trolier du Havre, qui assure 40% des importations fran\u00e7aises et alimente les a\u00e9roports parisiens, a ferm\u00e9 les vannes jusqu&rsquo;\u00e0 vendredi midi au moins.<\/p>\n<p>Voix syndicale dissonante, la conf\u00e9d\u00e9ration des cadres CFE-CGC a d\u00e9nonc\u00e9 la prise en otage et la paralysie de la France, ayant elle fait le pari du d\u00e9bat parlementaire pour modifier le projet de loi contest\u00e9.<\/p>\n<p>L&rsquo;Organisation des transporteurs routiers europ\u00e9ens a, elle aussi, brandi le spectre de la paralysie de l&rsquo;\u00e9conomie fran\u00e7aise sans r\u00e9solution imm\u00e9diate de la situation, tandis que les syndicats agricole (FNSEA) et de m\u00e9decins lib\u00e9raux (CSMF) ont demand\u00e9 que leurs membres puissent se fournir prioritairement.<\/p>\n<p>Mais la CGT ne compte pas en rester l\u00e0: sa branche Energie tente d&rsquo;\u00e9tendre la contestation aux centrales nucl\u00e9aires, appelant \u00e0 un mouvement d&rsquo;action le plus fort possible jeudi. Un blocage de site et une baisse de charge ont d\u00e9j\u00e0 \u00e9t\u00e9 observ\u00e9s \u00e0 la centrale de Nogent-sur-Seine (Aube), \u00e0 une centaine de kilom\u00e8tres au sud-est de Paris.<\/p>\n<p>Le patron de la CGT, Philippe Martinez, a d&rsquo;ailleurs pr\u00e9venu: il y a des risques que la mobilisation s&rsquo;amplifie, quand celui de FO, Jean-Claude Mailly, a assur\u00e9 ne pas \u00eatre dans l&rsquo;esprit d&rsquo;arr\u00eater la mobilisation.<\/p>\n<p>D&rsquo;autres secteurs \u00e9conomiques sont aussi cibl\u00e9s, comme des centres d&rsquo;Amazon.<\/p>\n<p>Les organisations patronales ont appel\u00e9 l&rsquo;Etat \u00e0 veiller au respect du droit, le patron du Medef, Pierre Gattaz, d\u00e9non\u00e7ant des m\u00e9thodes de gr\u00e9vistes irresponsables et celui de la CGPME, Fran\u00e7ois Asselin, un sabotage national. (AFP)<\/p>\n","protected":false},"excerpt":{"rendered":"<p>Face \u00e0 un mouvement qui s&rsquo;est durcit contre la loi travail et au risque de paralysie du pays, l&rsquo;Etat fran\u00e7ais se montre intransigeant, recourant \u00e0 des mesures exceptionnelles comme des ponctions dans les r\u00e9serves strat\u00e9giques de carburant et des interventions muscl\u00e9es pour d\u00e9bloquer des d\u00e9p\u00f4ts. La CGT ne fait pas la loi dans le pays, [&hellip;]<\/p>\n","protected":false},"author":1,"featured_media":10395,"comment_status":"open","ping_status":"closed","sticky":false,"template":"","format":"standard","meta":{"footnotes":""},"categories":[30],"tags":[499,500,498],"class_list":["post-2371","post","type-post","status-publish","format-standard","has-post-thumbnail","hentry","category-actualite","tag-cgt","tag-greves","tag-loi-travail"],"aioseo_notices":[],"_links":{"self":[{"href":"https:\/\/www.culturalusa.com\/news\/wp-json\/wp\/v2\/posts\/2371","targetHints":{"allow":["GET"]}}],"collection":[{"href":"https:\/\/www.culturalusa.com\/news\/wp-json\/wp\/v2\/posts"}],"about":[{"href":"https:\/\/www.culturalusa.com\/news\/wp-json\/wp\/v2\/types\/post"}],"author":[{"embeddable":true,"href":"https:\/\/www.culturalusa.com\/news\/wp-json\/wp\/v2\/users\/1"}],"replies":[{"embeddable":true,"href":"https:\/\/www.culturalusa.com\/news\/wp-json\/wp\/v2\/comments?post=2371"}],"version-history":[{"count":2,"href":"https:\/\/www.culturalusa.com\/news\/wp-json\/wp\/v2\/posts\/2371\/revisions"}],"predecessor-version":[{"id":13265,"href":"https:\/\/www.culturalusa.com\/news\/wp-json\/wp\/v2\/posts\/2371\/revisions\/13265"}],"wp:featuredmedia":[{"embeddable":true,"href":"https:\/\/www.culturalusa.com\/news\/wp-json\/wp\/v2\/media\/10395"}],"wp:attachment":[{"href":"https:\/\/www.culturalusa.com\/news\/wp-json\/wp\/v2\/media?parent=2371"}],"wp:term":[{"taxonomy":"category","embeddable":true,"href":"https:\/\/www.culturalusa.com\/news\/wp-json\/wp\/v2\/categories?post=2371"},{"taxonomy":"post_tag","embeddable":true,"href":"https:\/\/www.culturalusa.com\/news\/wp-json\/wp\/v2\/tags?post=2371"}],"curies":[{"name":"wp","href":"https:\/\/api.w.org\/{rel}","templated":true}]}}