{"id":2382,"date":"2016-06-07T13:49:10","date_gmt":"2016-06-07T11:49:10","guid":{"rendered":"http:\/\/www.culturalusa.com\/news\/?p=2382"},"modified":"2021-08-21T11:30:09","modified_gmt":"2021-08-21T09:30:09","slug":"leurogroupe-nest-pas-dans-un-esprit-de-sanction-face-a-lespagne","status":"publish","type":"post","link":"https:\/\/www.culturalusa.com\/news\/economie\/leurogroupe-nest-pas-dans-un-esprit-de-sanction-face-a-lespagne\/","title":{"rendered":"L&rsquo;Eurogroupe n&rsquo;est pas dans un esprit de sanction face \u00e0 l&rsquo;Espagne"},"content":{"rendered":"<p>Le ministre fran\u00e7ais des Finances, Michel Sapin, a assur\u00e9 que l&rsquo;Eurogroupe n&rsquo;\u00e9tait pas dans \u00ab\u00a0un esprit de sanction\u00a0\u00bb \u00e0 l&rsquo;\u00e9gard de l&rsquo;Espagne, dont le d\u00e9ficit budg\u00e9taire a fortement d\u00e9rap\u00e9 l&rsquo;ann\u00e9e derni\u00e8re.<\/p>\n<h3>Le ministre fran\u00e7ais des Finances, Michel Sapin, a assur\u00e9 lundi que l&rsquo;Eurogroupe n&rsquo;\u00e9tait pas dans \u00abun esprit de sanction\u00bb \u00e0 l&rsquo;\u00e9gard de l&rsquo;Espagne, dont le d\u00e9ficit budg\u00e9taire a fortement d\u00e9rap\u00e9 l&rsquo;ann\u00e9e derni\u00e8re.<\/h3>\n<p>Le ministre \u00e9tait interrog\u00e9 par la presse sur la possibilit\u00e9 que Bruxelles prennent des mesures contre Madrid, dont le d\u00e9ficit a d\u00e9rap\u00e9 \u00e0 5% en 2015, soit pr\u00e8s de 1% de plus que l&rsquo;objectif fix\u00e9.<\/p>\n<p>Cette d\u00e9claration de M. Sapin intervient \u00e0 moins de trois semaines des \u00e9lections espagnoles du 25 juin, \u00e0 un moment o\u00f9 le parti anti-aust\u00e9rit\u00e9 Podemos et ses alli\u00e9s ont le vent en poupe.<\/p>\n<p>Selon trois sondages publi\u00e9s dimanche, ils pourraient d\u00e9passer les socialistes lors des prochaines \u00e9lections g\u00e9n\u00e9rales et devenir ainsi le premier parti d&rsquo;opposition en Espagne.<\/p>\n<p>\u00abIl y a des \u00e9lections \u00e0 la fin de ce mois. J&rsquo;esp\u00e8re qu&rsquo;un gouvernement stable sorte de ces \u00e9lections qui permette la prise de d\u00e9cision\u00bb, a affirm\u00e9 M. Sapin, rappelant que les partis espagnols n&rsquo;\u00e9taient pas parvenus \u00e0 former une coalition apr\u00e8s les pr\u00e9c\u00e9dentes \u00e9lections de d\u00e9cembre.<\/p>\n<h3>La Commission europ\u00e9enne a d\u00e9cid\u00e9 de reporter \u00e0 juillet, apr\u00e8s les \u00e9lections, sa d\u00e9cision sur d&rsquo;\u00e9ventuelles <span style=\"color: #800000;\">sanctions contre l&rsquo;Espagne et le Portugal<\/span> pour non respect des objectifs de r\u00e9duction de leur d\u00e9ficit public.<\/h3>\n<p>Le d\u00e9ficit public espagnol a d\u00e9rap\u00e9 \u00e0 5% du PIB en 2015 et devrait encore se monter \u00e0 3,6% en 2016, selon les pr\u00e9visions de Madrid.<\/p>\n<p>Depuis l&rsquo;instauration de nouvelles proc\u00e9dures budg\u00e9taires europ\u00e9ennes apr\u00e8s la crise de la dette dans la zone euro, la Commission europ\u00e9enne a la possibilit\u00e9 de sanctionner financi\u00e8rement les mauvaises \u00e9l\u00e8ves en mati\u00e8re budg\u00e9taire (jusqu&rsquo;\u00e0 0,2% du PIB du pays concern\u00e9). Elle ne l&rsquo;a jusqu&rsquo;ici jamais fait. (AFP)<\/p>\n","protected":false},"excerpt":{"rendered":"<p>Le ministre fran\u00e7ais des Finances, Michel Sapin, a assur\u00e9 que l&rsquo;Eurogroupe n&rsquo;\u00e9tait pas dans \u00ab\u00a0un esprit de sanction\u00a0\u00bb \u00e0 l&rsquo;\u00e9gard de l&rsquo;Espagne, dont le d\u00e9ficit budg\u00e9taire a fortement d\u00e9rap\u00e9 l&rsquo;ann\u00e9e derni\u00e8re. Le ministre fran\u00e7ais des Finances, Michel Sapin, a assur\u00e9 lundi que l&rsquo;Eurogroupe n&rsquo;\u00e9tait pas dans \u00abun esprit de sanction\u00bb \u00e0 l&rsquo;\u00e9gard de l&rsquo;Espagne, dont [&hellip;]<\/p>\n","protected":false},"author":1,"featured_media":3796,"comment_status":"open","ping_status":"closed","sticky":false,"template":"","format":"standard","meta":{"footnotes":""},"categories":[1],"tags":[407,449,321],"class_list":["post-2382","post","type-post","status-publish","format-standard","has-post-thumbnail","hentry","category-economie","tag-espagne","tag-eurogroupe","tag-portugal"],"aioseo_notices":[],"_links":{"self":[{"href":"https:\/\/www.culturalusa.com\/news\/wp-json\/wp\/v2\/posts\/2382","targetHints":{"allow":["GET"]}}],"collection":[{"href":"https:\/\/www.culturalusa.com\/news\/wp-json\/wp\/v2\/posts"}],"about":[{"href":"https:\/\/www.culturalusa.com\/news\/wp-json\/wp\/v2\/types\/post"}],"author":[{"embeddable":true,"href":"https:\/\/www.culturalusa.com\/news\/wp-json\/wp\/v2\/users\/1"}],"replies":[{"embeddable":true,"href":"https:\/\/www.culturalusa.com\/news\/wp-json\/wp\/v2\/comments?post=2382"}],"version-history":[{"count":0,"href":"https:\/\/www.culturalusa.com\/news\/wp-json\/wp\/v2\/posts\/2382\/revisions"}],"wp:featuredmedia":[{"embeddable":true,"href":"https:\/\/www.culturalusa.com\/news\/wp-json\/wp\/v2\/media\/3796"}],"wp:attachment":[{"href":"https:\/\/www.culturalusa.com\/news\/wp-json\/wp\/v2\/media?parent=2382"}],"wp:term":[{"taxonomy":"category","embeddable":true,"href":"https:\/\/www.culturalusa.com\/news\/wp-json\/wp\/v2\/categories?post=2382"},{"taxonomy":"post_tag","embeddable":true,"href":"https:\/\/www.culturalusa.com\/news\/wp-json\/wp\/v2\/tags?post=2382"}],"curies":[{"name":"wp","href":"https:\/\/api.w.org\/{rel}","templated":true}]}}