{"id":2398,"date":"2016-06-16T11:03:20","date_gmt":"2016-06-16T09:03:20","guid":{"rendered":"http:\/\/www.culturalusa.com\/news\/?p=2398"},"modified":"2016-06-16T11:03:20","modified_gmt":"2016-06-16T09:03:20","slug":"darty-a-confirme-son-redressement-avant-son-rachat-par-la-fnac","status":"publish","type":"post","link":"https:\/\/www.culturalusa.com\/news\/economie\/darty-a-confirme-son-redressement-avant-son-rachat-par-la-fnac\/","title":{"rendered":"Darty a confirm\u00e9 son redressement avant son rachat par la Fnac"},"content":{"rendered":"<p><img loading=\"lazy\" decoding=\"async\" src=\"http:\/\/www.culturalusa.com\/news\/wp-content\/uploads\/2015\/11\/fnac-darty.jpg\" alt=\"fnac - darty\" width=\"467\" height=\"290\" class=\"alignleft size-full wp-image-1976\" srcset=\"https:\/\/www.culturalusa.com\/news\/wp-content\/uploads\/2015\/11\/fnac-darty.jpg 467w, https:\/\/www.culturalusa.com\/news\/wp-content\/uploads\/2015\/11\/fnac-darty-275x171.jpg 275w\" sizes=\"auto, (max-width: 467px) 100vw, 467px\" \/>Darty, en passe d&rsquo;\u00eatre rachet\u00e9 par la Fnac, a confirm\u00e9 en 2015\/2016 son redressement, enclench\u00e9 lors de l&rsquo;exercice pr\u00e9c\u00e9dent, enregistrant des ventes et un r\u00e9sultat op\u00e9rationnel courant en hausse, m\u00eame si son b\u00e9n\u00e9fice net a chut\u00e9, p\u00e9nalis\u00e9 par des \u00e9l\u00e9ments exceptionnels.<\/p>\n<p>De mai 2015 \u00e0 fin avril 2016, le distributeur de produits \u00e9lectrom\u00e9nagers et techniques a enregistr\u00e9 un b\u00e9n\u00e9fice net de 3,7 millions d&rsquo;euros, contre 13,8 millions un an plus t\u00f4t. Ce recul de 73,1% est en grande partie imputable \u00e0 des \u00e9l\u00e9ments exceptionnels, li\u00e9s au rachat par la Fnac et \u00e0 des restructurations au Pays-Bas, qui ont pes\u00e9 \u00e0 hauteur de 36,5 millions sur la performance de l&rsquo;exercice.<\/p>\n<p>N\u00e9anmoins, en continuant d&rsquo;enregistrer des b\u00e9n\u00e9fices, le groupe confirme son redressement. Il avait renou\u00e9 avec les profits en 2014\/2015 apr\u00e8s quatre ann\u00e9es de pertes.<\/p>\n<p>C\u00f4t\u00e9 ventes et r\u00e9sultat op\u00e9rationnel, les voyants sont \u00e9galement au vert. Le chiffre d&rsquo;affaires progresse de 4,1% (\u00ab\u00a03,9% \u00e0 surfaces comparables), atteignant 3,65 milliards d&rsquo;euros, tandis que le r\u00e9sultat op\u00e9rationnel courant bondit de 24%, \u00e0 93,1 millions d&rsquo;euros.<\/p>\n<p>La France, principal march\u00e9 du groupe, r\u00e9alise des ventes en hausse de 4,9% (\u00ab\u00a06,1% \u00e0 p\u00e9rim\u00e8tre comparable), \u00e0 2,95 milliards d&rsquo;euros, avec un ROC qui grimpe de 39%, \u00e0 97 millions d&rsquo;euros.<\/p>\n<p>Cette progression a notamment \u00e9t\u00e9 port\u00e9e par des \u00ab\u00a0ventes fortes\u00a0\u00bb de produits blancs (r\u00e9frig\u00e9rateurs, climatiseurs&#8230;) durant l&rsquo;\u00e9t\u00e9 et par le boom des ventes de t\u00e9l\u00e9viseurs dans le sillage du passage \u00e0 la TNT HD.<\/p>\n<p>Les ventes en ligne ont \u00e9galement cru de 13%, repr\u00e9sentant d\u00e9sormais 17% du chiffre d&rsquo;affaires total, alors que le succ\u00e8s du \u00ab\u00a0clic &#038; collect\u00a0\u00bb (\u00ab\u00a066%, \u00e0 29% des ventes en ligne) et des ouvertures dominicales (croissance \u00e0 deux chiffres) se confirme.<\/p>\n<p>Darty a \u00e9galement divis\u00e9 par deux son endettement, pour atteindre 108,8 millions d&rsquo;euros de dette nette \u00e0 la fin de l&rsquo;exercice, tout en multipliant par trois son cash flow net, \u00e0 115,7 millions d&rsquo;euros.<\/p>\n<p><strong>Le rachat par la Fnac finalis\u00e9 cet \u00e9t\u00e9<\/strong><br \/>\nParmi les points encore n\u00e9gatifs, l&rsquo;activit\u00e9 \u00e0 l&rsquo;international reste plus difficile. Si la zone Belgique-Pays-Bas affiche un chiffre d&rsquo;affaires en hausse de 1% en publi\u00e9, celui-ci recule de 3,8% \u00e0 surfaces comparables, avec un ROC en repli marqu\u00e9 en raison des pertes enregistr\u00e9es aux Pays-Bas.<\/p>\n<p>La marge brute du groupe s&rsquo;inscrit \u00e9galement un recul de 50 points de base dans un contexte de march\u00e9 particuli\u00e8rement concurrentiel.<\/p>\n<p>Le pr\u00e9sident du conseil d&rsquo;administration de Darty, Alan Parker s&rsquo;est f\u00e9licit\u00e9 des \u00ab\u00a0r\u00e9sultats solides\u00a0\u00bb du groupe \u00ab\u00a0qui montrent clairement l&rsquo;aboutissement de notre plan strat\u00e9gique \u00ab\u00a0Nouvelle Confiance+ lanc\u00e9 en 2012\u00a0\u00bb.<\/p>\n<p>Ce programme a permis \u00e0 Darty de sortir des march\u00e9s en pertes comme l&rsquo;Italie ou l&rsquo;Espagne, pour se concentrer sur ses march\u00e9s principaux, dont la France avec entre autres le lancement d&rsquo;initiatives autour du multicanal (clic &#038; collect, ou retrait en magasin de produits achet\u00e9s sur internet), du d\u00e9veloppement du r\u00e9seau de magasins autour de la franchise ou de la mise en place de robots d&rsquo;assistance dans certains magasins.<\/p>\n<p>Ces \u00ab\u00a0initiatives de croissance\u00a0\u00bb, auxquelles se sont ajout\u00e9s plus r\u00e9cemment les d\u00e9veloppements de l&rsquo;offre autour de la cuisine ou la literie, \u00ab\u00a0ont toutes bien \u00e9volu\u00e9 avec des r\u00e9sultats en forte am\u00e9lioration\u00a0\u00bb, a soulign\u00e9 le directeur g\u00e9n\u00e9ral du groupe R\u00e9gis Schultz.<\/p>\n<p>Au total, sur les trois derni\u00e8res ann\u00e9es, Darty a ainsi am\u00e9lior\u00e9 de 10% son chiffre d&rsquo;affaires et de 160 points de base sa part de march\u00e9, d\u00e9sormais \u00e0 15,2%, tout en r\u00e9duisant ses co\u00fbts, fait valoir le groupe.<\/p>\n<p>Ce retour \u00e0 des performances positives ont contribu\u00e9 \u00e0 motiver les volont\u00e9s de rachat de la Fnac et de Conforama. Au terme d&rsquo;une bataille de surench\u00e8res, c&rsquo;est finalement le groupe d&rsquo;Alexandre Bompard qui a emport\u00e9 la mise, valorisant Darty \u00e0 1,16 milliard d&rsquo;euros.<\/p>\n<p>L&rsquo;offre de rachat doit \u00eatre d\u00e9clar\u00e9e comme inconditionnelle d&rsquo;ici au 5 ao\u00fbt \u00ab\u00a0avec accord au plus tard dans les 14 jours suivant\u00a0\u00bb, indique Darty. La d\u00e9cision de l&rsquo;Autorit\u00e9 de la concurrence fran\u00e7aise qui pourrait demander des cessions de magasins, est elle attendue en juillet. (AFP)<\/p>\n","protected":false},"excerpt":{"rendered":"<p>Darty, en passe d&rsquo;\u00eatre rachet\u00e9 par la Fnac, a confirm\u00e9 en 2015\/2016 son redressement, enclench\u00e9 lors de l&rsquo;exercice pr\u00e9c\u00e9dent, enregistrant des ventes et un r\u00e9sultat op\u00e9rationnel courant en hausse, m\u00eame si son b\u00e9n\u00e9fice net a chut\u00e9, p\u00e9nalis\u00e9 par des \u00e9l\u00e9ments exceptionnels. De mai 2015 \u00e0 fin avril 2016, le distributeur de produits \u00e9lectrom\u00e9nagers et techniques [&hellip;]<\/p>\n","protected":false},"author":1,"featured_media":0,"comment_status":"open","ping_status":"closed","sticky":false,"template":"","format":"standard","meta":{"footnotes":""},"categories":[1],"tags":[363,362],"class_list":["post-2398","post","type-post","status-publish","format-standard","hentry","category-economie","tag-darty","tag-fnac"],"aioseo_notices":[],"_links":{"self":[{"href":"https:\/\/www.culturalusa.com\/news\/wp-json\/wp\/v2\/posts\/2398","targetHints":{"allow":["GET"]}}],"collection":[{"href":"https:\/\/www.culturalusa.com\/news\/wp-json\/wp\/v2\/posts"}],"about":[{"href":"https:\/\/www.culturalusa.com\/news\/wp-json\/wp\/v2\/types\/post"}],"author":[{"embeddable":true,"href":"https:\/\/www.culturalusa.com\/news\/wp-json\/wp\/v2\/users\/1"}],"replies":[{"embeddable":true,"href":"https:\/\/www.culturalusa.com\/news\/wp-json\/wp\/v2\/comments?post=2398"}],"version-history":[{"count":0,"href":"https:\/\/www.culturalusa.com\/news\/wp-json\/wp\/v2\/posts\/2398\/revisions"}],"wp:attachment":[{"href":"https:\/\/www.culturalusa.com\/news\/wp-json\/wp\/v2\/media?parent=2398"}],"wp:term":[{"taxonomy":"category","embeddable":true,"href":"https:\/\/www.culturalusa.com\/news\/wp-json\/wp\/v2\/categories?post=2398"},{"taxonomy":"post_tag","embeddable":true,"href":"https:\/\/www.culturalusa.com\/news\/wp-json\/wp\/v2\/tags?post=2398"}],"curies":[{"name":"wp","href":"https:\/\/api.w.org\/{rel}","templated":true}]}}