{"id":2399,"date":"2016-06-16T11:24:39","date_gmt":"2016-06-16T09:24:39","guid":{"rendered":"http:\/\/www.culturalusa.com\/news\/?p=2399"},"modified":"2016-06-16T11:25:23","modified_gmt":"2016-06-16T09:25:23","slug":"loi-travail-le-gouvernement-francais-menace-dinterdire-les-manifestations","status":"publish","type":"post","link":"https:\/\/www.culturalusa.com\/news\/actualite\/loi-travail-le-gouvernement-francais-menace-dinterdire-les-manifestations\/","title":{"rendered":"Loi travail: le Gouvernement fran\u00e7ais menace d&rsquo;interdire les manifestations"},"content":{"rendered":"<figure id=\"attachment_2400\" aria-describedby=\"caption-attachment-2400\" style=\"width: 470px\" class=\"wp-caption aligncenter\"><img loading=\"lazy\" decoding=\"async\" src=\"http:\/\/www.culturalusa.com\/news\/wp-content\/uploads\/2016\/06\/casseurs-loi-travail.jpg\" alt=\"Les casseurs lancent des pierres lors de la manifestation contre la loi travail.\" width=\"470\" height=\"273\" class=\"size-full wp-image-2400\" srcset=\"https:\/\/www.culturalusa.com\/news\/wp-content\/uploads\/2016\/06\/casseurs-loi-travail.jpg 470w, https:\/\/www.culturalusa.com\/news\/wp-content\/uploads\/2016\/06\/casseurs-loi-travail-275x160.jpg 275w\" sizes=\"auto, (max-width: 470px) 100vw, 470px\" \/><figcaption id=\"caption-attachment-2400\" class=\"wp-caption-text\">Les casseurs lancent des pierres lors de la manifestation contre la loi travail.<\/figcaption><\/figure>Le ton est mont\u00e9 d&rsquo;un cran dans la bataille du projet de loi travail: l&rsquo;ex\u00e9cutif a menac\u00e9 d&rsquo;interdire les manifestations, au lendemain de nouvelles violences et d\u00e9g\u00e2ts en marge du d\u00e9fil\u00e9 parisien, d\u00e9clenchant un toll\u00e9 chez les syndicats, qui maintiennent deux nouvelles journ\u00e9es de \u00ab\u00a0mobilisation\u00a0\u00bb, et une partie de la gauche.<\/p>\n<p>La manifestation nationale organis\u00e9e mardi par sept syndicats (CGT, FO, FSU, Solidaires, Unef, UNL, Fidl), premi\u00e8re du genre depuis le d\u00e9but de la contestation, a rassembl\u00e9 entre 75.000 et 80.000 personnes selon la police, un million selon les organisateurs, chiffre que le Premier ministre Manuel Valls a qualifi\u00e9 de \u00ab\u00a0ridicule par rapport \u00e0 la r\u00e9alit\u00e9\u00a0\u00bb.<\/p>\n<p>Elle a \u00e9t\u00e9 marqu\u00e9e par de violents affrontements entre des casseurs et la police, comme lors des pr\u00e9c\u00e9dents d\u00e9fil\u00e9s, et des d\u00e9g\u00e2ts le long du cort\u00e8ge, d&rsquo;une ampleur sans pr\u00e9c\u00e9dent \u00e0 Paris. Des d\u00e9gradations ont \u00e9t\u00e9 commises contre l&rsquo;h\u00f4pital Necker-Enfants malades, qui a d\u00e9cid\u00e9 de porter plainte. Au moins 29 policiers et 11 manifestants ont \u00e9t\u00e9 bless\u00e9s.<\/p>\n<p>Apr\u00e8s ces violences, Fran\u00e7ois Hollande a annonc\u00e9 qu&rsquo;il n&rsquo;y aurait plus d&rsquo;autorisation de manifester si la pr\u00e9servation des \u00ab\u00a0biens et des personnes\u00a0\u00bb ne pouvait \u00eatre \u00ab\u00a0garantie\u00a0\u00bb. \u00ab\u00a0Pour l&rsquo;instant elles ne le sont pas ; \u00e0 ce moment-l\u00e0 les d\u00e9cisions seront prises au cas par cas de ne pas autoriser les manifestations\u00a0\u00bb, a-t-il dit.<\/p>\n<p>\u00ab\u00a0Je demande \u00e0 la CGT de ne plus organiser ce type de manifestations sur Paris\u00a0\u00bb, avait dit Manuel Valls plus t\u00f4t. Le Premier ministre a point\u00e9 la \u00ab\u00a0responsabilit\u00e9\u00a0\u00bb de la CGT, critiquant son attitude \u00ab\u00a0ambigu\u00eb\u00a0\u00bb \u00e0 l&rsquo;\u00e9gard des casseurs.<\/p>\n<p>Le pr\u00e9fet de police de Paris Michel Cadot a \u00e9t\u00e9 plus pr\u00e9cis, \u00e9voquant \u00ab\u00a0une forme de solidarit\u00e9, au moins passive\u00a0\u00bb entre \u00ab\u00a0une n\u00e9buleuse d&rsquo;environ mille casseurs\u00a0\u00bb et des manifestants de la CGT. Il a aussi affirm\u00e9 qu&rsquo;en fin de manifestation, un groupe de 100 \u00e0 200 manifestants de la CGT, \u00ab\u00a0venus de l&rsquo;Ouest et du Havre\u00a0\u00bb, avait \u00ab\u00a0particip\u00e9 \u00e0 des actes de violence.<\/p>\n<p><strong>Inqui\u00e9tudes d&rsquo;Amnesty<\/strong><br \/>\nLa droite a saisi la balle au bond: Nicolas Sarkozy, pr\u00e9sident du parti Les R\u00e9publicains, a r\u00e9clam\u00e9 que la \u00ab\u00a0responsabilit\u00e9 civile\u00a0\u00bb et \u00ab\u00a0financi\u00e8re de la CGT soit engag\u00e9e\u00a0\u00bb.<\/p>\n<p>La CGT \u00ab\u00a0ne porte aucune responsabilit\u00e9 sur ce qui se passe en marge des manifestations\u00a0\u00bb, a r\u00e9pliqu\u00e9 Philippe Martinez sur France 2. Il n&rsquo;y a \u00ab\u00a0aucune relation entre ce que font les casseurs et les manifestants\u00a0\u00bb, a d\u00e9clar\u00e9 le num\u00e9ro un de la CGT, en parlant de \u00ab\u00a0provocations\u00a0\u00bb de la part de Manuel Valls.<\/p>\n<p>Ces accusations sont \u00ab\u00a0inacceptables\u00a0\u00bb et ces menaces le \u00ab\u00a0signe d&rsquo;un gouvernement aux abois\u00a0\u00bb, avait d\u00e9j\u00e0 r\u00e9pondu la CGT, qui a aussi condamn\u00e9 \u00ab\u00a0sans r\u00e9serve les violences commises\u00a0\u00bb contre l&rsquo;h\u00f4pital Necker et d\u00e9nonc\u00e9 des \u00ab\u00a0actes aveugles\u00a0\u00bb.<\/p>\n<p>\u00ab\u00a0Alors qu&rsquo;on interdise l&rsquo;Euro!\u00a0\u00bb, s&rsquo;est emport\u00e9 Jean-Claude Mailly, secr\u00e9taire g\u00e9n\u00e9ral de FO, qui ne comprend pas \u00ab\u00a0qu&rsquo;un gouvernement de gauche puisse interdire des manifestations organis\u00e9es par des syndicats\u00a0\u00bb.<\/p>\n<p>Eric Beynel, porte-parole de Solidaires, a fustig\u00e9 une \u00ab\u00a0tentative d&rsquo;essayer de diviser au lieu de d\u00e9battre des vraies questions\u00a0\u00bb.<\/p>\n<p>A gauche, le chef de file des frondeurs socialistes Christian Paul a estim\u00e9 que \u00ab\u00a0les casseurs ne viennent pas des syndicats mais de l&rsquo;ultragauche\u00a0\u00bb, et que \u00ab\u00a0le gouvernement a une part de responsabilit\u00e9 dans cette tension sociale\u00a0\u00bb.<\/p>\n<p>La pr\u00e9sidente du groupe Communiste, r\u00e9publicain et citoyen au S\u00e9nat, Eliane Assassi, a accus\u00e9 l&rsquo;ex\u00e9cutif de vouloir porter \u00ab\u00a0atteinte au droit constitutionnel de manifester\u00a0\u00bb.<\/p>\n<p>Dans un communiqu\u00e9, Amnesty International France a demand\u00e9 que les violences fassent \u00ab\u00a0l?objet d?une enqu\u00eate ind\u00e9pendante et approfondie\u00a0\u00bb et ne soient pas \u00ab\u00a0imput\u00e9es sans preuve aux organisateurs\u00a0\u00bb. Elle a rappel\u00e9 que le droit de manifester est \u00ab\u00a0une libert\u00e9 fondamentale\u00a0\u00bb.<\/p>\n<p>La rue semble rester le dernier moyen de pression dont disposent les opposants pour infl\u00e9chir la position du gouvernement. Car les gr\u00e8ves, qui avaient pris ces derni\u00e8res semaines le relais des manifestations dans des secteurs-cl\u00e9s comme les raffineries, d\u00e9chets, trains&#8230; s&rsquo;\u00e9teignent peu \u00e0 peu.<\/p>\n<p>Mais les opposants refusent de parler d&rsquo;essoufflement: l&rsquo;intersyndicale (CGT, FO, FSU, Solidaires, Unef, Fidl et UNL) a r\u00e9affirm\u00e9 mercredi soir leur \u00ab\u00a0d\u00e9termination sans faille\u00a0\u00bb. Elle a maintenu l&rsquo;appel \u00e0 deux nouvelles \u00ab\u00a0journ\u00e9es de mobilisation nationales\u00a0\u00bb, les 23 juin et 28 juin, avec gr\u00e8ves et manifestations, et demand\u00e9 au gouvernement \u00ab\u00a0de garantir les bonnes conditions d?exercice du droit de manifester\u00a0\u00bb. (AFP)<\/p>\n","protected":false},"excerpt":{"rendered":"<p>Le ton est mont\u00e9 d&rsquo;un cran dans la bataille du projet de loi travail: l&rsquo;ex\u00e9cutif a menac\u00e9 d&rsquo;interdire les manifestations, au lendemain de nouvelles violences et d\u00e9g\u00e2ts en marge du d\u00e9fil\u00e9 parisien, d\u00e9clenchant un toll\u00e9 chez les syndicats, qui maintiennent deux nouvelles journ\u00e9es de \u00ab\u00a0mobilisation\u00a0\u00bb, et une partie de la gauche. La manifestation nationale organis\u00e9e [&hellip;]<\/p>\n","protected":false},"author":1,"featured_media":0,"comment_status":"open","ping_status":"closed","sticky":false,"template":"","format":"standard","meta":{"footnotes":""},"categories":[30],"tags":[498],"class_list":["post-2399","post","type-post","status-publish","format-standard","hentry","category-actualite","tag-loi-travail"],"aioseo_notices":[],"_links":{"self":[{"href":"https:\/\/www.culturalusa.com\/news\/wp-json\/wp\/v2\/posts\/2399","targetHints":{"allow":["GET"]}}],"collection":[{"href":"https:\/\/www.culturalusa.com\/news\/wp-json\/wp\/v2\/posts"}],"about":[{"href":"https:\/\/www.culturalusa.com\/news\/wp-json\/wp\/v2\/types\/post"}],"author":[{"embeddable":true,"href":"https:\/\/www.culturalusa.com\/news\/wp-json\/wp\/v2\/users\/1"}],"replies":[{"embeddable":true,"href":"https:\/\/www.culturalusa.com\/news\/wp-json\/wp\/v2\/comments?post=2399"}],"version-history":[{"count":0,"href":"https:\/\/www.culturalusa.com\/news\/wp-json\/wp\/v2\/posts\/2399\/revisions"}],"wp:attachment":[{"href":"https:\/\/www.culturalusa.com\/news\/wp-json\/wp\/v2\/media?parent=2399"}],"wp:term":[{"taxonomy":"category","embeddable":true,"href":"https:\/\/www.culturalusa.com\/news\/wp-json\/wp\/v2\/categories?post=2399"},{"taxonomy":"post_tag","embeddable":true,"href":"https:\/\/www.culturalusa.com\/news\/wp-json\/wp\/v2\/tags?post=2399"}],"curies":[{"name":"wp","href":"https:\/\/api.w.org\/{rel}","templated":true}]}}