{"id":2409,"date":"2016-06-23T19:29:29","date_gmt":"2016-06-23T17:29:29","guid":{"rendered":"http:\/\/www.culturalusa.com\/news\/?p=2409"},"modified":"2020-11-04T15:30:51","modified_gmt":"2020-11-04T14:30:51","slug":"bruxelles-appelle-le-portugal-a-passer-a-la-vitesse-superieure","status":"publish","type":"post","link":"https:\/\/www.culturalusa.com\/news\/portugal\/bruxelles-appelle-le-portugal-a-passer-a-la-vitesse-superieure\/","title":{"rendered":"Bruxelles appelle le Portugal \u00e0 passer \u00e0 la vitesse sup\u00e9rieure"},"content":{"rendered":"<p>La Banque centrale europ\u00e9enne (BCE) et la Commission europ\u00e9enne ont appel\u00e9 le Portugal \u00e0 \u00ab intensifier \u00bb ses efforts en mati\u00e8re d\u2019assainissement budg\u00e9taire et mis en garde contre une rupture avec la politique de rigueur men\u00e9e ces derni\u00e8res ann\u00e9es.<\/p>\n<p>\u00ab Les acquis du pass\u00e9 doivent \u00eatre pr\u00e9serv\u00e9s \u00bb, indiquent-elles dans un communiqu\u00e9 publi\u00e9 mercredi soir \u00e0 l\u2019issue de la quatri\u00e8me mission de contr\u00f4le men\u00e9e depuis la sortie du Portugal en mai 2014 d\u2019un programme d\u2019aide internationale de 78 milliards d\u2019euros.<\/p>\n<p>La mise en oeuvre \u00ab rigoureuse \u00bb du budget 2016 \u00ab permettra au Portugal d\u2019atteindre un d\u00e9ficit clairement compatible avec les r\u00e8gles europ\u00e9ennes \u00bb, a r\u00e9agi jeudi le minist\u00e8re des Finances, qui continue \u00e0 tabler sur un d\u00e9ficit public r\u00e9duit \u00e0 2,2% du PIB.<\/p>\n<p>Moins optimiste que Lisbonne, la mission d\u2019experts de l\u2019UE et de la BCE pr\u00e9voit d\u00e9sormais \u00ab un d\u00e9ficit plus proche de 3% \u00bb du PIB alors que d\u00e9but mai, Bruxelles avait encore envisag\u00e9 2,7%.<\/p>\n<p>R\u00e9clamant la poursuite des r\u00e9formes visant \u00e0 flexibiliser le march\u00e9 du travail, les cr\u00e9anciers du Portugal ont point\u00e9 \u00ab les risques budg\u00e9taires li\u00e9s \u00e0 l\u2019annulation de privatisations et de concessions attribu\u00e9es dans les transports urbains \u00bb.<\/p>\n<p>Arriv\u00e9 au pouvoir en novembre 2015 gr\u00e2ce \u00e0 une alliance avec la gauche radicale, le gouvernement socialiste d\u2019Antonio Costa a d\u00e9tricot\u00e9 plusieurs mesures de rigueur adopt\u00e9es par la droite apr\u00e8s l\u2019appel du Portugal \u00e0 une aide financi\u00e8re internationale en 2011.<\/p>\n<p>Le gouvernement est ainsi revenu en partie sur la privatisation de la compagnie a\u00e9rienne TAP, a instaur\u00e9 le retour aux 35 heures dans la fonction publique et mis fin aux surtaxes sur les revenus.<\/p>\n<p>Dans le viseur de Bruxelles en raison des d\u00e9rapages budg\u00e9taires intervenus entre 2013 et 2015, le Portugal pourrait se voir infliger des sanctions, tout comme l\u2019Espagne. En mai, la Commission europ\u00e9enne avait report\u00e9 son verdict \u00e0 d\u00e9but juillet. (AFP)<\/p>\n","protected":false},"excerpt":{"rendered":"<p>La Banque centrale europ\u00e9enne (BCE) et la Commission europ\u00e9enne ont appel\u00e9 le Portugal \u00e0 \u00ab intensifier \u00bb ses efforts en mati\u00e8re d\u2019assainissement budg\u00e9taire et mis en garde contre une rupture avec la politique de rigueur men\u00e9e ces derni\u00e8res ann\u00e9es. \u00ab Les acquis du pass\u00e9 doivent \u00eatre pr\u00e9serv\u00e9s \u00bb, indiquent-elles dans un communiqu\u00e9 publi\u00e9 mercredi soir [&hellip;]<\/p>\n","protected":false},"author":1,"featured_media":3204,"comment_status":"open","ping_status":"closed","sticky":false,"template":"","format":"standard","meta":{"footnotes":""},"categories":[3],"tags":[82,463,180],"class_list":["post-2409","post","type-post","status-publish","format-standard","has-post-thumbnail","hentry","category-portugal","tag-economie-portugaise","tag-banque-centrale-europeenne","tag-commission-europeenne"],"aioseo_notices":[],"_links":{"self":[{"href":"https:\/\/www.culturalusa.com\/news\/wp-json\/wp\/v2\/posts\/2409","targetHints":{"allow":["GET"]}}],"collection":[{"href":"https:\/\/www.culturalusa.com\/news\/wp-json\/wp\/v2\/posts"}],"about":[{"href":"https:\/\/www.culturalusa.com\/news\/wp-json\/wp\/v2\/types\/post"}],"author":[{"embeddable":true,"href":"https:\/\/www.culturalusa.com\/news\/wp-json\/wp\/v2\/users\/1"}],"replies":[{"embeddable":true,"href":"https:\/\/www.culturalusa.com\/news\/wp-json\/wp\/v2\/comments?post=2409"}],"version-history":[{"count":0,"href":"https:\/\/www.culturalusa.com\/news\/wp-json\/wp\/v2\/posts\/2409\/revisions"}],"wp:featuredmedia":[{"embeddable":true,"href":"https:\/\/www.culturalusa.com\/news\/wp-json\/wp\/v2\/media\/3204"}],"wp:attachment":[{"href":"https:\/\/www.culturalusa.com\/news\/wp-json\/wp\/v2\/media?parent=2409"}],"wp:term":[{"taxonomy":"category","embeddable":true,"href":"https:\/\/www.culturalusa.com\/news\/wp-json\/wp\/v2\/categories?post=2409"},{"taxonomy":"post_tag","embeddable":true,"href":"https:\/\/www.culturalusa.com\/news\/wp-json\/wp\/v2\/tags?post=2409"}],"curies":[{"name":"wp","href":"https:\/\/api.w.org\/{rel}","templated":true}]}}