{"id":2411,"date":"2016-06-23T19:50:46","date_gmt":"2016-06-23T17:50:46","guid":{"rendered":"http:\/\/www.culturalusa.com\/news\/?p=2411"},"modified":"2025-07-30T16:13:02","modified_gmt":"2025-07-30T14:13:02","slug":"etats-unis-la-cour-supreme-a-bloque-la-politique-dobama-sur-limmigration","status":"publish","type":"post","link":"https:\/\/www.culturalusa.com\/news\/actualite\/etats-unis-la-cour-supreme-a-bloque-la-politique-dobama-sur-limmigration\/","title":{"rendered":"ETATS-UNIS: La Cour supr\u00eame a bloqu\u00e9 la politique d\u2019Obama sur l\u2019immigration"},"content":{"rendered":"<h2>La Cour supr\u00eame des Etats-Unis a de facto bloqu\u00e9, une mesure embl\u00e9matique du pr\u00e9sident am\u00e9ricain, Barack Obama, qui vise \u00e0 prot\u00e9ger 4 \u00e0 5 millions de clandestins d\u2019une expulsion.<\/h2>\n<blockquote><p>La d\u00e9cision obtenue sans majorit\u00e9, \u00e0 quatre juges contre quatre, revient \u00e0 poursuivre l\u2019actuel blocage des d\u00e9crets pr\u00e9sidentiels sur cette question extr\u00eamement charg\u00e9e politiquement, en pleine ann\u00e9e \u00e9lectorale.<\/p><\/blockquote>\n<p>Le pr\u00e9sident Obama avait annonc\u00e9 en novembre 2014 une s\u00e9rie de mesures r\u00e9glementaires s\u2019assimilant \u00e0 des r\u00e9gularisations temporaires de millions de migrants majoritairement hispaniques. Ces d\u00e9crets pr\u00e9voyaient la d\u00e9livrance de permis de travail, au nom du fait que les Etats-Unis \u00e9taient une \u00ab nation d\u2019immigrants \u00bb.<\/p>\n<p>Peu apr\u00e8s l\u2019annonce de la Cour supr\u00eame, le pr\u00e9sident am\u00e9ricain a \u00ab d\u00e9plor\u00e9 \u00bb une d\u00e9cision \u00ab douloureuse \u00bb pour des millions de personnes. Il a \u00e9galement appel\u00e9 \u00e0 ne pas avoir peur de l\u2019immigration.<br \/>\nL\u2019initiative phare d\u2019Obama au point mort<\/p>\n<p>Depuis, quelque 26 Etats, pratiquement tous \u00e0 majorit\u00e9 r\u00e9publicaine, ont refus\u00e9 d\u2019appliquer les d\u00e9crets pr\u00e9sidentiels. Ils ont aussi souvent obtenu des d\u00e9cisions de tribunaux soulignant que le chef de l\u2019Etat avait outrepass\u00e9 ses droits en court-circuitant les parlementaires.<\/p>\n<p>De fait, l\u2019initiative phare de M. Obama est au point mort, alors qu\u2019il avait fait de ce dossier l\u2019une de ses priorit\u00e9s en arrivant au pouvoir, en 2009. La d\u00e9cision jeudi de la Cour supr\u00eame revient \u00e0 l\u2019enterrer encore plus profond\u00e9ment.<\/p>\n<p>L\u2019immigration est l\u2019un des premiers chevaux de bataille du candidat r\u00e9publicain \u00e0 la pr\u00e9sidentielle, Donald Trump, qui a notamment promis de dresser un mur \u00e0 la fronti\u00e8re avec le Mexique, \u00e9lectrisant davantage un d\u00e9bat \u00e0 fort clivage. (AFP)<\/p>\n","protected":false},"excerpt":{"rendered":"<p>La Cour supr\u00eame des Etats-Unis a de facto bloqu\u00e9, une mesure embl\u00e9matique du pr\u00e9sident am\u00e9ricain, Barack Obama, qui vise \u00e0 prot\u00e9ger 4 \u00e0 5 millions de clandestins d\u2019une expulsion. La d\u00e9cision obtenue sans majorit\u00e9, \u00e0 quatre juges contre quatre, revient \u00e0 poursuivre l\u2019actuel blocage des d\u00e9crets pr\u00e9sidentiels sur cette question extr\u00eamement charg\u00e9e politiquement, en pleine [&hellip;]<\/p>\n","protected":false},"author":1,"featured_media":2412,"comment_status":"open","ping_status":"closed","sticky":false,"template":"","format":"standard","meta":{"footnotes":""},"categories":[30],"tags":[513,250,512],"class_list":["post-2411","post","type-post","status-publish","format-standard","has-post-thumbnail","hentry","category-actualite","tag-etats-unis","tag-immigration","tag-obama"],"aioseo_notices":[],"_links":{"self":[{"href":"https:\/\/www.culturalusa.com\/news\/wp-json\/wp\/v2\/posts\/2411","targetHints":{"allow":["GET"]}}],"collection":[{"href":"https:\/\/www.culturalusa.com\/news\/wp-json\/wp\/v2\/posts"}],"about":[{"href":"https:\/\/www.culturalusa.com\/news\/wp-json\/wp\/v2\/types\/post"}],"author":[{"embeddable":true,"href":"https:\/\/www.culturalusa.com\/news\/wp-json\/wp\/v2\/users\/1"}],"replies":[{"embeddable":true,"href":"https:\/\/www.culturalusa.com\/news\/wp-json\/wp\/v2\/comments?post=2411"}],"version-history":[{"count":1,"href":"https:\/\/www.culturalusa.com\/news\/wp-json\/wp\/v2\/posts\/2411\/revisions"}],"predecessor-version":[{"id":13610,"href":"https:\/\/www.culturalusa.com\/news\/wp-json\/wp\/v2\/posts\/2411\/revisions\/13610"}],"wp:featuredmedia":[{"embeddable":true,"href":"https:\/\/www.culturalusa.com\/news\/wp-json\/wp\/v2\/media\/2412"}],"wp:attachment":[{"href":"https:\/\/www.culturalusa.com\/news\/wp-json\/wp\/v2\/media?parent=2411"}],"wp:term":[{"taxonomy":"category","embeddable":true,"href":"https:\/\/www.culturalusa.com\/news\/wp-json\/wp\/v2\/categories?post=2411"},{"taxonomy":"post_tag","embeddable":true,"href":"https:\/\/www.culturalusa.com\/news\/wp-json\/wp\/v2\/tags?post=2411"}],"curies":[{"name":"wp","href":"https:\/\/api.w.org\/{rel}","templated":true}]}}