{"id":2413,"date":"2016-06-24T09:49:14","date_gmt":"2016-06-24T07:49:14","guid":{"rendered":"http:\/\/www.culturalusa.com\/news\/?p=2413"},"modified":"2020-12-17T19:27:22","modified_gmt":"2020-12-17T18:27:22","slug":"le-royaume-uni-vote-sa-sortie-et-quitte-union-europeenne","status":"publish","type":"post","link":"https:\/\/www.culturalusa.com\/news\/economie\/le-royaume-uni-vote-sa-sortie-et-quitte-union-europeenne\/","title":{"rendered":"Le Royaume-Uni vote sa sortie et quitte l&rsquo;Union europ\u00e9enne"},"content":{"rendered":"<p>Les Britanniques ont vot\u00e9 jeudi \u00e0 51,9% des voix pour sortir de l&rsquo;Union europ\u00e9enne, contre 48,1% pour rester, selon les r\u00e9sultats d\u00e9finitifs publi\u00e9s vendredi matin par la commission \u00e9lectorale. Celle-ci confirme les d\u00e9comptes de l&rsquo;ensemble des cha\u00eenes de t\u00e9l\u00e9vision.<\/p>\n<p>Au total, 17,4 millions de personnes ont vot\u00e9 pour le Brexit et 16,1 millions pour rester dans l&rsquo;UE. La participation \u00e9tait \u00e9lev\u00e9e, \u00e0 72%, selon la BBC. \u00ab\u00a0C&rsquo;est le c\u00f4t\u00e9 \u00e9motionnel qui l&rsquo;a emport\u00e9\u00a0\u00bb sur le pragmatisme \u00e9conomique, constate Iain Begg, professeur \u00e0 la London School of Economics (LSE).<\/p>\n<p>David Cameron va continuer comme Premier ministre britannique, malgr\u00e9 le d\u00e9saveu des Britanniques qui ont vot\u00e9 pour une sortie de l&rsquo;Union europ\u00e9enne, a annonc\u00e9 son ministre des Affaires \u00e9trang\u00e8res Philip Hammond. David Cameron, qui a d\u00e9fendu ardemment un maintien dans l&rsquo;UE, devait s&rsquo;exprimer plus tard dans la matin\u00e9e.<\/p>\n<p><strong>Eviter une r\u00e9action en cha\u00eene<\/strong><br \/>\nLe pr\u00e9sident du Parlement europ\u00e9en Martin Schulz a d\u00e9clar\u00e9 vouloir parler avec la chanceli\u00e8re allemande Angela Merkel afin d&rsquo;\u00e9viter une \u00ab\u00a0r\u00e9action en cha\u00eene\u00a0\u00bb apr\u00e8s le vote des Britanniques. De son c\u00f4t\u00e9, la France appelle l&rsquo;Europe \u00e0 r\u00e9agir.<\/p>\n<p>Le pr\u00e9sident du Parlement europ\u00e9en a \u00e9galement indiqu\u00e9 s&rsquo;attendre \u00e0 ce que les n\u00e9gociations sur la sortie du Royaume-Uni de l&rsquo;UE d\u00e9butent rapidement. \u00ab\u00a0Le Royaume-Uni a d\u00e9cid\u00e9 de tracer sa route de son c\u00f4t\u00e9. Je pense que les indicateurs \u00e9conomiques indiquent que cela va \u00eatre une route difficile\u00a0\u00bb, a encore d\u00e9clar\u00e9 Martin Schulz.<\/p>\n<p>Selon lui, il faut maintenant \u00e9viter que l&rsquo;euro subisse la m\u00eame chute que celle qu&rsquo;enregistrait vendredi matin la livre sterling sur les march\u00e9s financiers, une chute de l&rsquo;ordre de 10%.<\/p>\n<p>La pr\u00e9sidente du Front national (FN), Marine Le Pen, a d\u00e9j\u00e0 demand\u00e9 l&rsquo;organisation d&rsquo;un r\u00e9f\u00e9rendum en France. Le d\u00e9put\u00e9 d&rsquo;extr\u00eame droite n\u00e9erlandais Geert Wilders en a fait de m\u00eame aux Pays-Bas. Il souhaite l&rsquo;organisation d&rsquo;un \u00ab\u00a0Nexit\u00a0\u00bb au plus vite.<\/p>\n<p><strong>Aucune urgence<\/strong><br \/>\nIl n&rsquo;y a aucune urgence \u00e0 invoquer l&rsquo;article 50 du Trait\u00e9 de Lisbonne pour activer le processus de sortie de l&rsquo;Union europ\u00e9enne apr\u00e8s le vote des Britanniques en faveur du Brexit, ont d\u00e9clar\u00e9 de leur c\u00f4t\u00e9 plusieurs chefs de file conservateurs du camp du \u00ab\u00a0Leave\u00a0\u00bb. Selon eux, il est \u00e9galement souhaitable que David Cameron reste au pouvoir pendant la p\u00e9riode de transition.<\/p>\n<p>\u00ab\u00a0Il n&rsquo;y a pas besoin d&rsquo;activer l&rsquo;article 50 tout de suite, la Grande-Bretagne est encore membre de l&rsquo;UE et le restera encore pendant plusieurs mois, voire plusieurs ann\u00e9es\u00a0\u00bb, a d\u00e9clar\u00e9 Matthew Elliott, un des responsables de la campagne pro-Brexit.<\/p>\n<p>M. Elliott a par ailleurs estim\u00e9 qu&rsquo;il revenait au Premier ministre David Cameron de mener \u00e0 bien le processus de sortie du Bloc des 28. \u00ab\u00a0Il appartient d\u00e9sormais \u00e0 Cameron de traduire en actes la volont\u00e9 exprim\u00e9e par les Britanniques. Le Premier ministre devrait entamer des discussions informelles avec les autres gouvernements (de l&rsquo;UE)\u00a0\u00bb, a-t-il dit.<\/p>\n<p>\u00ab\u00a0Cameron est parfaitement plac\u00e9 pour mettre en oeuvre cette d\u00e9cision du peuple britannique. Une grande majorit\u00e9 de d\u00e9put\u00e9s conservateurs souhaitent qu&rsquo;il reste en fonction\u00a0\u00bb, a ajout\u00e9 Matthew Elliott. <\/p>\n","protected":false},"excerpt":{"rendered":"<p>Les Britanniques ont vot\u00e9 jeudi \u00e0 51,9% des voix pour sortir de l&rsquo;Union europ\u00e9enne, contre 48,1% pour rester, selon les r\u00e9sultats d\u00e9finitifs publi\u00e9s vendredi matin par la commission \u00e9lectorale. Celle-ci confirme les d\u00e9comptes de l&rsquo;ensemble des cha\u00eenes de t\u00e9l\u00e9vision. Au total, 17,4 millions de personnes ont vot\u00e9 pour le Brexit et 16,1 millions pour rester [&hellip;]<\/p>\n","protected":false},"author":1,"featured_media":1731,"comment_status":"open","ping_status":"closed","sticky":false,"template":"","format":"standard","meta":{"footnotes":""},"categories":[1],"tags":[514,190,453],"class_list":["post-2413","post","type-post","status-publish","format-standard","has-post-thumbnail","hentry","category-economie","tag-brexit","tag-david-cameron","tag-royaume-uni"],"aioseo_notices":[],"_links":{"self":[{"href":"https:\/\/www.culturalusa.com\/news\/wp-json\/wp\/v2\/posts\/2413","targetHints":{"allow":["GET"]}}],"collection":[{"href":"https:\/\/www.culturalusa.com\/news\/wp-json\/wp\/v2\/posts"}],"about":[{"href":"https:\/\/www.culturalusa.com\/news\/wp-json\/wp\/v2\/types\/post"}],"author":[{"embeddable":true,"href":"https:\/\/www.culturalusa.com\/news\/wp-json\/wp\/v2\/users\/1"}],"replies":[{"embeddable":true,"href":"https:\/\/www.culturalusa.com\/news\/wp-json\/wp\/v2\/comments?post=2413"}],"version-history":[{"count":0,"href":"https:\/\/www.culturalusa.com\/news\/wp-json\/wp\/v2\/posts\/2413\/revisions"}],"wp:featuredmedia":[{"embeddable":true,"href":"https:\/\/www.culturalusa.com\/news\/wp-json\/wp\/v2\/media\/1731"}],"wp:attachment":[{"href":"https:\/\/www.culturalusa.com\/news\/wp-json\/wp\/v2\/media?parent=2413"}],"wp:term":[{"taxonomy":"category","embeddable":true,"href":"https:\/\/www.culturalusa.com\/news\/wp-json\/wp\/v2\/categories?post=2413"},{"taxonomy":"post_tag","embeddable":true,"href":"https:\/\/www.culturalusa.com\/news\/wp-json\/wp\/v2\/tags?post=2413"}],"curies":[{"name":"wp","href":"https:\/\/api.w.org\/{rel}","templated":true}]}}