{"id":2421,"date":"2016-06-28T00:51:32","date_gmt":"2016-06-27T22:51:32","guid":{"rendered":"http:\/\/www.culturalusa.com\/news\/?p=2421"},"modified":"2020-11-04T15:29:29","modified_gmt":"2020-11-04T14:29:29","slug":"le-bloc-de-gauche-portugais-menace-dun-referendum-sur-leurope","status":"publish","type":"post","link":"https:\/\/www.culturalusa.com\/news\/portugal\/le-bloc-de-gauche-portugais-menace-dun-referendum-sur-leurope\/","title":{"rendered":"Le Bloc de Gauche portugais menace d&rsquo;un r\u00e9f\u00e9rendum sur l&rsquo;Europe"},"content":{"rendered":"<p>Le Bloc de gauche (<strong>Bloco de Esquerda<\/strong>), l&rsquo;un des alli\u00e9s eurosceptiques du gouvernement socialiste du Portugal, a brandi la menace d&rsquo;un \u00ab\u00a0r\u00e9f\u00e9rendum sur l&rsquo;Europe\u00a0\u00bb si Bruxelles appliquait des sanctions \u00e0 l&rsquo;encontre du pays en raison des d\u00e9rapages budg\u00e9taires. <\/p>\n<p>Toutefois l&rsquo;hypoth\u00e8se d&rsquo;un r\u00e9f\u00e9rendum a \u00e9t\u00e9 aussit\u00f4t \u00e9cart\u00e9e par une dirigeante du Parti socialiste. <\/p>\n<p>\u00ab\u00a0Si la Commission d\u00e9clare la guerre au Portugal\u00a0\u00bb en d\u00e9cr\u00e9tant des sanctions, \u00ab\u00a0la r\u00e9ponse du Portugal ne peut \u00eatre que de les refuser et d&rsquo;annoncer qu&rsquo;il y aura un r\u00e9f\u00e9rendum national\u00a0\u00bb, a lanc\u00e9 <strong>Catarina Martins<\/strong>, dirigeante du Bloc de gauche, parti proche de Podemos en Espagne. <\/p>\n<p>\u00ab\u00a0Des sanctions seraient inacceptables et une provocation\u00a0\u00bb, a-t-elle poursuivi devant le congr\u00e8s de son parti \u00e0 Lisbonne, redoutant que Bruxelles \u00ab\u00a0fasse pression sur le budget 2017\u00a0\u00bb afin d&rsquo;obtenir une hausse des imp\u00f4ts.<\/p>\n<p>Mais le parti socialiste ne semble pas du m\u00eame avis: \u00ab\u00a0ce n&rsquo;est pas l&rsquo;heure de parler de r\u00e9f\u00e9rendums, mais de la refondation du projet europ\u00e9en qui a d&rsquo;\u00e9normes probl\u00e8mes\u00a0\u00bb, a d\u00e9clar\u00e9 sa secr\u00e9taire g\u00e9n\u00e9rale adjointe, Ana Catarina Mendes, pr\u00e9sente au congr\u00e8s.<\/p>\n<p>Le Parti communiste, l&rsquo;autre soutien du gouvernement minoritaire au Parlement, ne semble pas non plus press\u00e9 d&rsquo;organiser un r\u00e9f\u00e9rendum sur l&rsquo;appartenance du Portugal \u00e0 l&rsquo;Union europ\u00e9enne alors qu&rsquo;il avait salu\u00e9 le vote des Britanniques en faveur du Brexit.<\/p>\n<p>Dans le collimateur de la Commission europ\u00e9enne en raison de ses d\u00e9rapages budg\u00e9taires, le Portugal pourrait se voir infliger des sanctions, tout comme l&rsquo;Espagne. Le verdict de Bruxelles est attendu d\u00e9but juillet. (AFP)<\/p>\n","protected":false},"excerpt":{"rendered":"<p>Le Bloc de gauche (Bloco de Esquerda), l&rsquo;un des alli\u00e9s eurosceptiques du gouvernement socialiste du Portugal, a brandi la menace d&rsquo;un \u00ab\u00a0r\u00e9f\u00e9rendum sur l&rsquo;Europe\u00a0\u00bb si Bruxelles appliquait des sanctions \u00e0 l&rsquo;encontre du pays en raison des d\u00e9rapages budg\u00e9taires. Toutefois l&rsquo;hypoth\u00e8se d&rsquo;un r\u00e9f\u00e9rendum a \u00e9t\u00e9 aussit\u00f4t \u00e9cart\u00e9e par une dirigeante du Parti socialiste. \u00ab\u00a0Si la Commission [&hellip;]<\/p>\n","protected":false},"author":1,"featured_media":2423,"comment_status":"open","ping_status":"closed","sticky":false,"template":"","format":"standard","meta":{"footnotes":""},"categories":[3],"tags":[519,1455,518,1456],"class_list":["post-2421","post","type-post","status-publish","format-standard","has-post-thumbnail","hentry","category-portugal","tag-bloc-de-gauche","tag-bloco-de-esquerda","tag-catarina-martins","tag-referendum-europe"],"aioseo_notices":[],"_links":{"self":[{"href":"https:\/\/www.culturalusa.com\/news\/wp-json\/wp\/v2\/posts\/2421","targetHints":{"allow":["GET"]}}],"collection":[{"href":"https:\/\/www.culturalusa.com\/news\/wp-json\/wp\/v2\/posts"}],"about":[{"href":"https:\/\/www.culturalusa.com\/news\/wp-json\/wp\/v2\/types\/post"}],"author":[{"embeddable":true,"href":"https:\/\/www.culturalusa.com\/news\/wp-json\/wp\/v2\/users\/1"}],"replies":[{"embeddable":true,"href":"https:\/\/www.culturalusa.com\/news\/wp-json\/wp\/v2\/comments?post=2421"}],"version-history":[{"count":0,"href":"https:\/\/www.culturalusa.com\/news\/wp-json\/wp\/v2\/posts\/2421\/revisions"}],"wp:featuredmedia":[{"embeddable":true,"href":"https:\/\/www.culturalusa.com\/news\/wp-json\/wp\/v2\/media\/2423"}],"wp:attachment":[{"href":"https:\/\/www.culturalusa.com\/news\/wp-json\/wp\/v2\/media?parent=2421"}],"wp:term":[{"taxonomy":"category","embeddable":true,"href":"https:\/\/www.culturalusa.com\/news\/wp-json\/wp\/v2\/categories?post=2421"},{"taxonomy":"post_tag","embeddable":true,"href":"https:\/\/www.culturalusa.com\/news\/wp-json\/wp\/v2\/tags?post=2421"}],"curies":[{"name":"wp","href":"https:\/\/api.w.org\/{rel}","templated":true}]}}