{"id":2433,"date":"2016-07-06T15:00:41","date_gmt":"2016-07-06T13:00:41","guid":{"rendered":"http:\/\/www.culturalusa.com\/news\/?p=2433"},"modified":"2016-07-06T15:00:41","modified_gmt":"2016-07-06T13:00:41","slug":"wolfgang-schauble-ne-veut-pas-de-dumping-fiscal-en-europe","status":"publish","type":"post","link":"https:\/\/www.culturalusa.com\/news\/actualite\/wolfgang-schauble-ne-veut-pas-de-dumping-fiscal-en-europe\/","title":{"rendered":"Wolfgang Sch\u00e4uble ne veut pas de dumping fiscal en Europe"},"content":{"rendered":"<p><img loading=\"lazy\" decoding=\"async\" src=\"http:\/\/www.culturalusa.com\/news\/wp-content\/uploads\/2016\/04\/Wolfgang-Schauble.jpg\" alt=\"Wolfgang-Schauble\" width=\"470\" height=\"290\" class=\"aligncenter size-full wp-image-2334\" srcset=\"https:\/\/www.culturalusa.com\/news\/wp-content\/uploads\/2016\/04\/Wolfgang-Schauble.jpg 470w, https:\/\/www.culturalusa.com\/news\/wp-content\/uploads\/2016\/04\/Wolfgang-Schauble-275x170.jpg 275w\" sizes=\"auto, (max-width: 470px) 100vw, 470px\" \/>Les projets de Londres de nettement baisser l&rsquo;imp\u00f4t sur les soci\u00e9t\u00e9s au Royaume-Uni ne vont pas conduire \u00e0 une \u00ab\u00a0course au taux d&rsquo;imposition le plus bas\u00a0\u00bb en Europe, a affirm\u00e9 le ministre allemand des Finances Wolfgang Sch\u00e4uble.<\/p>\n<p>\u00ab\u00a0Nous n&rsquo;avons pas l&rsquo;intention de commencer une course au (taux d&rsquo;imposition le) plus bas\u00a0\u00bb, a d\u00e9clar\u00e9 le grand argentier allemand lors d&rsquo;une conf\u00e9rence de presse \u00e0 Berlin, utilisant l&rsquo;expression anglaise \u00ab\u00a0race to the bottom\u00a0\u00bb.<\/p>\n<p>Son confr\u00e8re britannique George Osborne a fait part lundi de son intention d&rsquo;abaisser le taux de l&rsquo;imp\u00f4t sur les soci\u00e9t\u00e9s \u00e0 moins de 15%, dans la foul\u00e9e de la d\u00e9cision britannique de quitter l&rsquo;UE et pour pr\u00e9venir un exode d&rsquo;entreprises notamment \u00e9trang\u00e8res.<\/p>\n<p>M. Osborne \u00ab\u00a0a fait des annonces, j&rsquo;esp\u00e8re qu&rsquo;il va \u00e9laborer dessus\u00a0\u00bb lors de la prochaine r\u00e9union des ministres des Finances de l&rsquo;UE la semaine prochaine, a dit M. Sch\u00e4uble, rappelant que les efforts de l&rsquo;UE ces derni\u00e8res ann\u00e9es portaient sur une harmonisation fiscale, par exemple des bases d&rsquo;imposition.<\/p>\n<p>\u00ab\u00a0Nous ne sommes pas oppos\u00e9s \u00e0 la concurrence fiscale\u00a0\u00bb, a pr\u00e9cis\u00e9 le ministre conservateur, fid\u00e8le vassal de la chanceli\u00e8re Angela Merkel, mais celle-ci doit \u00eatre \u00ab\u00a0juste\u00a0\u00bb.<\/p>\n<p>De mani\u00e8re g\u00e9n\u00e9rale, la perspective du Brexit, tel que d\u00e9cid\u00e9 par les \u00e9lecteurs britanniques par r\u00e9f\u00e9rendum le 23 juin, ne devrait pas peser outre mesure sur la conjoncture allemande, a dit M. Sch\u00e4uble.<\/p>\n<p>\u00ab\u00a0A l&rsquo;heure actuelle, nous ne voyons pas d&rsquo;influence n\u00e9gative sur la situation \u00e9conomique\u00a0\u00bb allemande, selon lui. \u00ab\u00a0Nous ne savons pas si cela va rester ainsi\u00a0\u00bb.<\/p>\n<p>M. Sch\u00e4uble pr\u00e9sentait \u00e0 Berlin son projet de budget pour 2017. Les comptes f\u00e9d\u00e9raux seront exc\u00e9dentaires, pour la troisi\u00e8me ann\u00e9e de suite, selon ce plan. M. Sch\u00e4uble pr\u00e9voit de les maintenir \u00e0 l&rsquo;\u00e9quilibre ou dans le vert au moins jusqu&rsquo;\u00e0 2020.<\/p>\n","protected":false},"excerpt":{"rendered":"<p>Les projets de Londres de nettement baisser l&rsquo;imp\u00f4t sur les soci\u00e9t\u00e9s au Royaume-Uni ne vont pas conduire \u00e0 une \u00ab\u00a0course au taux d&rsquo;imposition le plus bas\u00a0\u00bb en Europe, a affirm\u00e9 le ministre allemand des Finances Wolfgang Sch\u00e4uble. \u00ab\u00a0Nous n&rsquo;avons pas l&rsquo;intention de commencer une course au (taux d&rsquo;imposition le) plus bas\u00a0\u00bb, a d\u00e9clar\u00e9 le grand [&hellip;]<\/p>\n","protected":false},"author":1,"featured_media":0,"comment_status":"open","ping_status":"closed","sticky":false,"template":"","format":"standard","meta":{"footnotes":""},"categories":[30],"tags":[523,85],"class_list":["post-2433","post","type-post","status-publish","format-standard","hentry","category-actualite","tag-dumping-fiscal","tag-europe"],"aioseo_notices":[],"_links":{"self":[{"href":"https:\/\/www.culturalusa.com\/news\/wp-json\/wp\/v2\/posts\/2433","targetHints":{"allow":["GET"]}}],"collection":[{"href":"https:\/\/www.culturalusa.com\/news\/wp-json\/wp\/v2\/posts"}],"about":[{"href":"https:\/\/www.culturalusa.com\/news\/wp-json\/wp\/v2\/types\/post"}],"author":[{"embeddable":true,"href":"https:\/\/www.culturalusa.com\/news\/wp-json\/wp\/v2\/users\/1"}],"replies":[{"embeddable":true,"href":"https:\/\/www.culturalusa.com\/news\/wp-json\/wp\/v2\/comments?post=2433"}],"version-history":[{"count":0,"href":"https:\/\/www.culturalusa.com\/news\/wp-json\/wp\/v2\/posts\/2433\/revisions"}],"wp:attachment":[{"href":"https:\/\/www.culturalusa.com\/news\/wp-json\/wp\/v2\/media?parent=2433"}],"wp:term":[{"taxonomy":"category","embeddable":true,"href":"https:\/\/www.culturalusa.com\/news\/wp-json\/wp\/v2\/categories?post=2433"},{"taxonomy":"post_tag","embeddable":true,"href":"https:\/\/www.culturalusa.com\/news\/wp-json\/wp\/v2\/tags?post=2433"}],"curies":[{"name":"wp","href":"https:\/\/api.w.org\/{rel}","templated":true}]}}