{"id":2434,"date":"2016-07-06T15:10:38","date_gmt":"2016-07-06T13:10:38","guid":{"rendered":"http:\/\/www.culturalusa.com\/news\/?p=2434"},"modified":"2025-05-14T11:06:57","modified_gmt":"2025-05-14T09:06:57","slug":"les-pixies-en-concert-en-europe-et-un-nouvel-album-pour-le-30-septembre","status":"publish","type":"post","link":"https:\/\/www.culturalusa.com\/news\/culture\/les-pixies-en-concert-en-europe-et-un-nouvel-album-pour-le-30-septembre\/","title":{"rendered":"Les Pixies en concert en Europe et  un nouvel album pour le 30 septembre"},"content":{"rendered":"<h2>Les Pixies vont donner plusieurs concerts cet \u00e9t\u00e9 en Europe avant la sortie fin septembre du sixi\u00e8me album de ce groupe phare de la sc\u00e8ne alternative am\u00e9ricaine, a annonc\u00e9 mercredi sa maison de disques.<\/h2>\n<blockquote><p>\u00ab\u00a0Head Carrier\u00a0\u00bb, sixi\u00e8me album du groupe n\u00e9 en 1988 et deuxi\u00e8me disque depuis sa reformation en 2004 autour de son leader Frank Black, a \u00e9t\u00e9 enregistr\u00e9 \u00ab\u00a0entre mi f\u00e9vrier et mi mars cette ann\u00e9e\u00a0\u00bb \u00e0 Londres et sortira le 30 septembre, annonce PIAS dans un communiqu\u00e9.<\/p><\/blockquote>\n<p>Cet album de 12 titres officialise l&rsquo;arriv\u00e9e \u00e0 bord, comme \u00ab\u00a0membre permanent\u00a0\u00bb, du bassiste Paz Lenchantin. Ce dernier accompagne sur sc\u00e8ne depuis janvier 2014 les autres membres, Frank Black, Joey Santiago et David Lovering.<\/p>\n<p>Un premier titre, \u00ab\u00a0Um Chagga Lagga\u00a0\u00bb, ouvert pour une rugueuse introduction guitare-batterie, a \u00e9t\u00e9 diffus\u00e9 en avant go\u00fbt.<\/p>\n<p>Les Pixies sont en tourn\u00e9e europ\u00e9enne en juillet avec des passages en France (Vieilles Charrues le 15, Nuits de Fourvi\u00e8re le 20), en Belgique (Dour Festival le 18), Luxembourg (Rock-A-Field, le 10), notamment. Ils reviendront \u00e0 l&rsquo;automne avec des concerts dans des salles, comme au Z\u00e9nith de Paris le 23 novembre.<\/p>\n<p>Le groupe, qui comptait \u00e0 l&rsquo;origine dans ses rangs la bassiste Kim Deal, a \u00e9t\u00e9 \u00e0 la fin des ann\u00e9es 80 et au d\u00e9but des ann\u00e9es 90 une des figures du proue du rock \u00ab\u00a0ind\u00e9\u00a0\u00bb avec des albums comme \u00ab\u00a0Surfer Rosa\u00a0\u00bb, \u00ab\u00a0Doolittle\u00a0\u00bb et \u00ab\u00a0Bossanova\u00a0\u00bb.<\/p>\n<div><iframe loading=\"lazy\" src=\"https:\/\/www.youtube.com\/embed\/tPgf_btTFlc\" width=\"100%\" height=\"450\" frameborder=\"0\" allowfullscreen=\"allowfullscreen\"><\/iframe><\/div>\n","protected":false},"excerpt":{"rendered":"<p>Les Pixies vont donner plusieurs concerts cet \u00e9t\u00e9 en Europe avant la sortie fin septembre du sixi\u00e8me album de ce groupe phare de la sc\u00e8ne alternative am\u00e9ricaine, a annonc\u00e9 mercredi sa maison de disques. \u00ab\u00a0Head Carrier\u00a0\u00bb, sixi\u00e8me album du groupe n\u00e9 en 1988 et deuxi\u00e8me disque depuis sa reformation en 2004 autour de son leader [&hellip;]<\/p>\n","protected":false},"author":1,"featured_media":2435,"comment_status":"open","ping_status":"closed","sticky":false,"template":"","format":"standard","meta":{"footnotes":""},"categories":[4],"tags":[525,524],"class_list":["post-2434","post","type-post","status-publish","format-standard","has-post-thumbnail","hentry","category-culture","tag-head-carrier","tag-pixies"],"aioseo_notices":[],"_links":{"self":[{"href":"https:\/\/www.culturalusa.com\/news\/wp-json\/wp\/v2\/posts\/2434","targetHints":{"allow":["GET"]}}],"collection":[{"href":"https:\/\/www.culturalusa.com\/news\/wp-json\/wp\/v2\/posts"}],"about":[{"href":"https:\/\/www.culturalusa.com\/news\/wp-json\/wp\/v2\/types\/post"}],"author":[{"embeddable":true,"href":"https:\/\/www.culturalusa.com\/news\/wp-json\/wp\/v2\/users\/1"}],"replies":[{"embeddable":true,"href":"https:\/\/www.culturalusa.com\/news\/wp-json\/wp\/v2\/comments?post=2434"}],"version-history":[{"count":2,"href":"https:\/\/www.culturalusa.com\/news\/wp-json\/wp\/v2\/posts\/2434\/revisions"}],"predecessor-version":[{"id":13413,"href":"https:\/\/www.culturalusa.com\/news\/wp-json\/wp\/v2\/posts\/2434\/revisions\/13413"}],"wp:featuredmedia":[{"embeddable":true,"href":"https:\/\/www.culturalusa.com\/news\/wp-json\/wp\/v2\/media\/2435"}],"wp:attachment":[{"href":"https:\/\/www.culturalusa.com\/news\/wp-json\/wp\/v2\/media?parent=2434"}],"wp:term":[{"taxonomy":"category","embeddable":true,"href":"https:\/\/www.culturalusa.com\/news\/wp-json\/wp\/v2\/categories?post=2434"},{"taxonomy":"post_tag","embeddable":true,"href":"https:\/\/www.culturalusa.com\/news\/wp-json\/wp\/v2\/tags?post=2434"}],"curies":[{"name":"wp","href":"https:\/\/api.w.org\/{rel}","templated":true}]}}