{"id":2444,"date":"2016-07-11T11:32:45","date_gmt":"2016-07-11T09:32:45","guid":{"rendered":"http:\/\/www.culturalusa.com\/news\/?p=2444"},"modified":"2020-11-04T15:26:12","modified_gmt":"2020-11-04T14:26:12","slug":"euro-2016-la-selecao-du-portugal-bat-les-bleus-de-france-en-finale","status":"publish","type":"post","link":"https:\/\/www.culturalusa.com\/news\/portugal\/euro-2016-la-selecao-du-portugal-bat-les-bleus-de-france-en-finale\/","title":{"rendered":"Euro 2016: la Sele\u00e7\u00e3o du Portugal bat les Bleus de France en finale"},"content":{"rendered":"<p>Le Portugal remporte l&rsquo;Euro 2016! Apr\u00e8s l\u2019Euro de football de 1984 et le Mondial de 1998, la France n\u2019est pas parvenue \u00e0 r\u00e9\u00e9diter l\u2019exploit et \u00e0 remporter son troisi\u00e8me tournoi \u00e0 domicile, les Bleus ont perdu dimanche face \u00e0 la s\u00e9lection portugaise (1-0). <\/p>\n<p>C\u2019est en prolongation, \u00e0 la 109e minute, qu\u2019<strong>Eder<\/strong> a ouvert le score d\u2019une puissante frappe crois\u00e9e et d\u00e9fait les Fran\u00e7ais, devant un Stade de France abasourdi. <\/p>\n<p>\u00ab\u00a0Il n\u2019y a pas de mots pour diminuer cette d\u00e9ception, elle est \u00e9norme, mais il ne faut pas oublier le parcours et le soutien et l\u2019engouement des Fran\u00e7ais\u00a0\u00bb, a r\u00e9agi le s\u00e9lectionneur des Bleus, Didier Deschamps. <\/p>\n<p>La Sele\u00e7\u00e3o s\u2019est, elle, offert son premier troph\u00e9e majeur, malgr\u00e9 la sortie sur blessure et en larmes, d\u00e8s la 25e minute, de son attaquant vedette, le triple Ballon d\u2019or Cristiano Ronaldo. <\/p>\n<p>Une victoire qui efface la d\u00e9faite de 2004, lorsque le Portugal avait \u00e9t\u00e9 battu par la Gr\u00e8ce lors de \u00ab son \u00bb Euro. Dimanche, d\u00e8s le coup de sifflet final, des milliers de fans ont c\u00e9l\u00e9br\u00e9 le triomphe de leur \u00e9quipe dans les rues de Lisbonne et \u00e0 travers tout le pays. <\/p>\n<p>En France, une quarantaine de personnes soup\u00e7onn\u00e9es de d\u00e9gradations diverses ont \u00e9t\u00e9 interpell\u00e9es apr\u00e8s des incidents en marge de la rencontre, principalement dans le secteur de la fan-zone de la tour Eiffel, \u00e0 Paris.<\/p>\n<p><strong>On est d\u00e9gueulasse, mais on a gagn\u00e9 la finale!<\/strong><\/p>\n<p>Malgr\u00e9 les critiques de la presse fran\u00e7aise, <strong>Fernando Santos<\/strong>, l&rsquo;entraineur du Portugal, a toujours su g\u00e9rer le parcours vers la finale et la victoire de la Sele\u00e7\u00e3o.<\/p>\n<p>Fid\u00e8le au style de jeu qu\u2019il a adopt\u00e9 depuis le d\u00e9but de cet Euro, le Portugal a montr\u00e9 sa puissance morale et une resistance hors du commun vers le chemin de la finale. La Sele\u00e7\u00e3o s\u2019est content\u00e9e d\u2019attendre les Bleus, pour ensuite proc\u00e9der par des contres; la tactique de Fernando Santos? <\/p>\n<p>Un arbritage un peu injuste contre le Portugal, emm\u00e8ne la sortie pr\u00e9matur\u00e9e de Cristiano Ronaldo, apr\u00e8s une dure faute de Dimitri Payet, ce qui sans doute n&rsquo;a pas aid\u00e9 le Portugal \u00e0 se montrer plus ambitieux afin d&rsquo;am\u00e9liorer son score contre l&rsquo;\u00e9quipe de France.<\/p>\n<p>En tribunes, certains supporteurs de la Sele\u00e7\u00e3o se moquaient bien des crit\u00e8res esth\u00e9tiques, en entonnant un chant ironique : \u00ab\u00a0On est d\u00e9gueulasse !\u00a0\u00bb Pour eux, seule la victoire \u00e9tait belle.<\/p>\n","protected":false},"excerpt":{"rendered":"<p>Le Portugal remporte l&rsquo;Euro 2016! Apr\u00e8s l\u2019Euro de football de 1984 et le Mondial de 1998, la France n\u2019est pas parvenue \u00e0 r\u00e9\u00e9diter l\u2019exploit et \u00e0 remporter son troisi\u00e8me tournoi \u00e0 domicile, les Bleus ont perdu dimanche face \u00e0 la s\u00e9lection portugaise (1-0). C\u2019est en prolongation, \u00e0 la 109e minute, qu\u2019Eder a ouvert le score [&hellip;]<\/p>\n","protected":false},"author":1,"featured_media":2446,"comment_status":"open","ping_status":"closed","sticky":false,"template":"","format":"standard","meta":{"footnotes":""},"categories":[3],"tags":[337,531,97,1204],"class_list":["post-2444","post","type-post","status-publish","format-standard","has-post-thumbnail","hentry","category-portugal","tag-euro-2016","tag-portugal-champion","tag-selecao","tag-sports"],"aioseo_notices":[],"_links":{"self":[{"href":"https:\/\/www.culturalusa.com\/news\/wp-json\/wp\/v2\/posts\/2444","targetHints":{"allow":["GET"]}}],"collection":[{"href":"https:\/\/www.culturalusa.com\/news\/wp-json\/wp\/v2\/posts"}],"about":[{"href":"https:\/\/www.culturalusa.com\/news\/wp-json\/wp\/v2\/types\/post"}],"author":[{"embeddable":true,"href":"https:\/\/www.culturalusa.com\/news\/wp-json\/wp\/v2\/users\/1"}],"replies":[{"embeddable":true,"href":"https:\/\/www.culturalusa.com\/news\/wp-json\/wp\/v2\/comments?post=2444"}],"version-history":[{"count":0,"href":"https:\/\/www.culturalusa.com\/news\/wp-json\/wp\/v2\/posts\/2444\/revisions"}],"wp:featuredmedia":[{"embeddable":true,"href":"https:\/\/www.culturalusa.com\/news\/wp-json\/wp\/v2\/media\/2446"}],"wp:attachment":[{"href":"https:\/\/www.culturalusa.com\/news\/wp-json\/wp\/v2\/media?parent=2444"}],"wp:term":[{"taxonomy":"category","embeddable":true,"href":"https:\/\/www.culturalusa.com\/news\/wp-json\/wp\/v2\/categories?post=2444"},{"taxonomy":"post_tag","embeddable":true,"href":"https:\/\/www.culturalusa.com\/news\/wp-json\/wp\/v2\/tags?post=2444"}],"curies":[{"name":"wp","href":"https:\/\/api.w.org\/{rel}","templated":true}]}}