{"id":2455,"date":"2016-07-28T21:59:21","date_gmt":"2016-07-28T19:59:21","guid":{"rendered":"http:\/\/www.culturalusa.com\/news\/?p=2455"},"modified":"2025-11-23T18:26:45","modified_gmt":"2025-11-23T17:26:45","slug":"france-les-elus-et-clandestins-corses-prennent-position-face-aux-islamistes-radicaux","status":"publish","type":"post","link":"https:\/\/www.culturalusa.com\/news\/actualite\/france-les-elus-et-clandestins-corses-prennent-position-face-aux-islamistes-radicaux\/","title":{"rendered":"France : Les \u00e9lus et clandestins corses prennent position face aux islamistes radicaux"},"content":{"rendered":"<h2>L&rsquo;Assembl\u00e9e de Corse a demand\u00e9 jeudi \u00e0 l&rsquo;Etat fran\u00e7ais de fermer les lieux de culte musulman fondamentalistes dans l&rsquo;\u00eele, quelques heures apr\u00e8s une mise en garde d&rsquo;un mouvement nationaliste clandestin adress\u00e9 aux islamistes radicaux de Corse.<\/h2>\n<blockquote><p>La r\u00e9solution de l&rsquo;assembl\u00e9e insulaire a \u00e9t\u00e9 adopt\u00e9e \u00e0 une quasi unanimit\u00e9 par les \u00e9lus de la majorit\u00e9 nationaliste, rejoints par leurs coll\u00e8gues de droite et de gauche, \u00e0 l&rsquo;exception de trois communistes qui n&rsquo;ont pas pris part au vote.<\/p><\/blockquote>\n<p>Le texte vot\u00e9 demande \u00e0 l&rsquo;Etat fran\u00e7ais la fermeture imm\u00e9diate en Corse des lieux de culte ou de r\u00e9union constituant des foyers de radicalisation av\u00e9r\u00e9s ou dans lesquels sont tenus des discours de haine cr\u00e9ant un climat favorable \u00e0 la violence.<\/p>\n<p>L&rsquo;assembl\u00e9e appelle aussi \u00e0 renforcer la s\u00e9curit\u00e9 des principaux lieux de fr\u00e9quentation estivale dans l&rsquo;\u00eele.<\/p>\n<p>Un mouvement nationaliste corse clandestin avait auparavant averti les islamistes radicaux de Corse que tout attentat qu&rsquo;ils pourraient commettre dans l&rsquo;\u00eele d\u00e9clencherait une r\u00e9ponse d\u00e9termin\u00e9e, sans aucun \u00e9tat d&rsquo;\u00e2me.<\/p>\n<p>Ce groupe, le Front de lib\u00e9ration nationale de la Corse (FLNC) dit du 22 octobre, a publi\u00e9 cette mise en garde dans un communiqu\u00e9 au quotidien local Corse Matin.<\/p>\n<p>La volont\u00e9 des salafistes est clairement de mettre en place chez nous la politique de Daech et nous nous y sommes pr\u00e9par\u00e9s, estime le groupe, utilisant l&rsquo;acronyme arabe de l&rsquo;organisation Etat islamique (EI), qui a revendiqu\u00e9 plusieurs attentats meurtriers en France continentale.<\/p>\n<p>Votre philosophie moyen\u00e2geuse ne nous effraie pas&#8230; Sachez que toute attaque contre notre peuple conna\u00eetrait de notre part une r\u00e9ponse d\u00e9termin\u00e9e sans aucun \u00e9tat d&rsquo;\u00e2me, a lanc\u00e9 le groupe clandestin \u00e0 l&rsquo;adresse des jihadistes, d\u00e9non\u00e7ant la barbarie dont ils font preuve.<\/p>\n<p>S&rsquo;adressant ensuite aux musulmans de Corse en g\u00e9n\u00e9ral, le Front les appelle \u00e0 prendre position en d\u00e9non\u00e7ant l&rsquo;islamisme radical. Il leur demande de signaler les d\u00e9rives chez des jeunes d\u00e9soeuvr\u00e9s tent\u00e9s par la radicalisation et de ne pas afficher de signes religieux ostentatoires.<\/p>\n<p>Le groupe nationaliste corse a aussi adress\u00e9 un message \u00e0 l&rsquo;Etat fran\u00e7ais. Si un drame devait se produire chez nous, l&rsquo;Etat aurait une responsabilit\u00e9 importante car il conna\u00eet les salafistes en Corse, affirme-t-il.<\/p>\n<p>La France a \u00e9t\u00e9 marqu\u00e9e par une longue s\u00e9rie d&rsquo;attentats jihadistes dont les derniers en date sont l&rsquo;attentat au camion qui a fait 84 morts le 14 juillet \u00e0 Nice, sur la C\u00f4te d&rsquo;Azur, et l&rsquo;assassinat mardi d&rsquo;un pr\u00eatre dans une \u00e9glise dans le nord-ouest. Ces deux attentats ont \u00e9t\u00e9 revendiqu\u00e9s par l&rsquo;EI. (AFP)<\/p>\n","protected":false},"excerpt":{"rendered":"<p>L&rsquo;Assembl\u00e9e de Corse a demand\u00e9 jeudi \u00e0 l&rsquo;Etat fran\u00e7ais de fermer les lieux de culte musulman fondamentalistes dans l&rsquo;\u00eele, quelques heures apr\u00e8s une mise en garde d&rsquo;un mouvement nationaliste clandestin adress\u00e9 aux islamistes radicaux de Corse. La r\u00e9solution de l&rsquo;assembl\u00e9e insulaire a \u00e9t\u00e9 adopt\u00e9e \u00e0 une quasi unanimit\u00e9 par les \u00e9lus de la majorit\u00e9 nationaliste, [&hellip;]<\/p>\n","protected":false},"author":1,"featured_media":2456,"comment_status":"open","ping_status":"closed","sticky":false,"template":"","format":"standard","meta":{"footnotes":""},"categories":[30],"tags":[537,535,536],"class_list":["post-2455","post","type-post","status-publish","format-standard","has-post-thumbnail","hentry","category-actualite","tag-assemblee-corrse","tag-corse","tag-islamistes"],"aioseo_notices":[],"_links":{"self":[{"href":"https:\/\/www.culturalusa.com\/news\/wp-json\/wp\/v2\/posts\/2455","targetHints":{"allow":["GET"]}}],"collection":[{"href":"https:\/\/www.culturalusa.com\/news\/wp-json\/wp\/v2\/posts"}],"about":[{"href":"https:\/\/www.culturalusa.com\/news\/wp-json\/wp\/v2\/types\/post"}],"author":[{"embeddable":true,"href":"https:\/\/www.culturalusa.com\/news\/wp-json\/wp\/v2\/users\/1"}],"replies":[{"embeddable":true,"href":"https:\/\/www.culturalusa.com\/news\/wp-json\/wp\/v2\/comments?post=2455"}],"version-history":[{"count":2,"href":"https:\/\/www.culturalusa.com\/news\/wp-json\/wp\/v2\/posts\/2455\/revisions"}],"predecessor-version":[{"id":13908,"href":"https:\/\/www.culturalusa.com\/news\/wp-json\/wp\/v2\/posts\/2455\/revisions\/13908"}],"wp:featuredmedia":[{"embeddable":true,"href":"https:\/\/www.culturalusa.com\/news\/wp-json\/wp\/v2\/media\/2456"}],"wp:attachment":[{"href":"https:\/\/www.culturalusa.com\/news\/wp-json\/wp\/v2\/media?parent=2455"}],"wp:term":[{"taxonomy":"category","embeddable":true,"href":"https:\/\/www.culturalusa.com\/news\/wp-json\/wp\/v2\/categories?post=2455"},{"taxonomy":"post_tag","embeddable":true,"href":"https:\/\/www.culturalusa.com\/news\/wp-json\/wp\/v2\/tags?post=2455"}],"curies":[{"name":"wp","href":"https:\/\/api.w.org\/{rel}","templated":true}]}}