{"id":2460,"date":"2016-08-23T18:23:14","date_gmt":"2016-08-23T16:23:14","guid":{"rendered":"http:\/\/www.culturalusa.com\/news\/?p=2460"},"modified":"2025-02-18T11:02:50","modified_gmt":"2025-02-18T10:02:50","slug":"russie-allemagne-et-france-parleront-de-lukraine-au-g20","status":"publish","type":"post","link":"https:\/\/www.culturalusa.com\/news\/actualite\/russie-allemagne-et-france-parleront-de-lukraine-au-g20\/","title":{"rendered":"Russie, Allemagne et France parleront de l&rsquo;Ukraine au G20"},"content":{"rendered":"<h2>Vladimir Poutine, Angela Merkel et Fran\u00e7ois Hollande ont convenu de se rencontrer en marge du sommet du G20 pr\u00e9vu les 4 et 5 septembre en Chine pour \u00e9voquer le regain de tensions en Ukraine, a annonc\u00e9 le Kremlin.<\/h2>\n<blockquote><p>Le pr\u00e9sident russe s&rsquo;est entretenu au t\u00e9l\u00e9phone avec le chef de l&rsquo;Etat fran\u00e7ais et la chanceli\u00e8re allemande et a insist\u00e9 sur ce qu&rsquo;il a qualifi\u00e9 de \u00ab\u00a0provocations\u00a0\u00bb commises, selon lui, par l&rsquo;Ukraine en Crim\u00e9e.<\/p><\/blockquote>\n<p>Poutine a \u00e9galement exprim\u00e9 son inqui\u00e9tude en raison de l&rsquo;instabilit\u00e9 actuelle le long de la ligne de front dans l&rsquo;est ukrainien.<\/p>\n<p>Lors de cet \u00e9change t\u00e9l\u00e9phonique, Fran\u00e7ois Hollande \u00ab\u00a0a rappel\u00e9 la position constante de la France sur le fait que l&rsquo;annexion de la Crim\u00e9e ne saurait \u00eatre reconnue\u00a0\u00bb, a annonc\u00e9 l&rsquo;Elys\u00e9e.<\/p>\n<p>Il \u00ab\u00a0a fait part de sa pr\u00e9occupation face au regain de tension de ces derni\u00e8res semaines et au nombre croissant de violations du cessez-le-feu constat\u00e9 par les observateurs de l&rsquo;OSCE\u00a0\u00bb dans l&rsquo;est de l\u2019Ukraine.<\/p>\n<p>Fran\u00e7ois Hollande a ajout\u00e9 que \u00ab\u00a0tous les engagements qui avaient \u00e9t\u00e9 pris dans le cadre des Accords de Minsk devaient \u00eatre mis en \u0153uvre par les parties concern\u00e9es, tant s&rsquo;agissant des questions de s\u00e9curit\u00e9 que des questions politiques\u00a0\u00bb, pr\u00e9cise le communiqu\u00e9 de l&rsquo;Elys\u00e9e.<\/p>\n<p>Un porte-parole du gouvernement allemand a indiqu\u00e9 que les trois dirigeants avaient exprim\u00e9 leur pr\u00e9occupation commune concernant les violations du cessez-le-feu dans la r\u00e9gion du Donbass et qu&rsquo;Angela Merkel et Fran\u00e7ois Hollande avaient demand\u00e9 \u00e0 Poutine de jouer de son influence pour apaiser la situation.<\/p>\n<p>Le pr\u00e9sident ukrainien Petro Porochenko a annonc\u00e9 la semaine derni\u00e8re qu&rsquo;il n&rsquo;excluait pas un recours \u00e0 la loi martiale et \u00e0 une nouvelle vague de mobilisation militaire si le conflit s\u00e9paratiste s&rsquo;aggravait. (Reuters)<\/p>\n","protected":false},"excerpt":{"rendered":"<p>Vladimir Poutine, Angela Merkel et Fran\u00e7ois Hollande ont convenu de se rencontrer en marge du sommet du G20 pr\u00e9vu les 4 et 5 septembre en Chine pour \u00e9voquer le regain de tensions en Ukraine, a annonc\u00e9 le Kremlin. Le pr\u00e9sident russe s&rsquo;est entretenu au t\u00e9l\u00e9phone avec le chef de l&rsquo;Etat fran\u00e7ais et la chanceli\u00e8re allemande [&hellip;]<\/p>\n","protected":false},"author":1,"featured_media":2462,"comment_status":"open","ping_status":"closed","sticky":false,"template":"","format":"standard","meta":{"footnotes":""},"categories":[30],"tags":[539,333],"class_list":["post-2460","post","type-post","status-publish","format-standard","has-post-thumbnail","hentry","category-actualite","tag-g20","tag-ukraine"],"aioseo_notices":[],"_links":{"self":[{"href":"https:\/\/www.culturalusa.com\/news\/wp-json\/wp\/v2\/posts\/2460","targetHints":{"allow":["GET"]}}],"collection":[{"href":"https:\/\/www.culturalusa.com\/news\/wp-json\/wp\/v2\/posts"}],"about":[{"href":"https:\/\/www.culturalusa.com\/news\/wp-json\/wp\/v2\/types\/post"}],"author":[{"embeddable":true,"href":"https:\/\/www.culturalusa.com\/news\/wp-json\/wp\/v2\/users\/1"}],"replies":[{"embeddable":true,"href":"https:\/\/www.culturalusa.com\/news\/wp-json\/wp\/v2\/comments?post=2460"}],"version-history":[{"count":2,"href":"https:\/\/www.culturalusa.com\/news\/wp-json\/wp\/v2\/posts\/2460\/revisions"}],"predecessor-version":[{"id":13251,"href":"https:\/\/www.culturalusa.com\/news\/wp-json\/wp\/v2\/posts\/2460\/revisions\/13251"}],"wp:featuredmedia":[{"embeddable":true,"href":"https:\/\/www.culturalusa.com\/news\/wp-json\/wp\/v2\/media\/2462"}],"wp:attachment":[{"href":"https:\/\/www.culturalusa.com\/news\/wp-json\/wp\/v2\/media?parent=2460"}],"wp:term":[{"taxonomy":"category","embeddable":true,"href":"https:\/\/www.culturalusa.com\/news\/wp-json\/wp\/v2\/categories?post=2460"},{"taxonomy":"post_tag","embeddable":true,"href":"https:\/\/www.culturalusa.com\/news\/wp-json\/wp\/v2\/tags?post=2460"}],"curies":[{"name":"wp","href":"https:\/\/api.w.org\/{rel}","templated":true}]}}