{"id":2463,"date":"2016-08-23T18:29:42","date_gmt":"2016-08-23T16:29:42","guid":{"rendered":"http:\/\/www.culturalusa.com\/news\/?p=2463"},"modified":"2021-01-06T21:36:36","modified_gmt":"2021-01-06T20:36:36","slug":"wikileaks-lequateur-denonce-une-tentative-dintrusion-dans-son-ambassade-a-londres","status":"publish","type":"post","link":"https:\/\/www.culturalusa.com\/news\/actualite\/wikileaks-lequateur-denonce-une-tentative-dintrusion-dans-son-ambassade-a-londres\/","title":{"rendered":"Wikileaks : L&rsquo;Equateur d\u00e9nonce une tentative d&rsquo;intrusion dans son ambassade \u00e0 Londres"},"content":{"rendered":"<p>L&rsquo;Equateur a accus\u00e9 les autorit\u00e9s britanniques de prot\u00e9ger de mani\u00e8re \u00ab\u00a0inad\u00e9quate\u00a0\u00bb son ambassade \u00e0 Londres, o\u00f9 le fondateur de Wikileaks Julian Assange est r\u00e9fugi\u00e9 depuis 2012, apr\u00e8s une tentative d&rsquo;intrusion lundi dernier.<\/p>\n<p>\u00ab\u00a0Le gouvernement \u00e9quatorien est pr\u00e9occup\u00e9 par la r\u00e9ponse inad\u00e9quate apport\u00e9e par les autorit\u00e9s britanniques, qui sont arriv\u00e9es \u00e0 l&rsquo;ambassade plus de deux heures apr\u00e8s l&rsquo;incident\u00a0\u00bb, a r\u00e9agi l&rsquo;ambassade d&rsquo;Equateur dans un communiqu\u00e9.<\/p>\n<p>Un homme escaladant un mur de l&rsquo;ambassade a \u00e9t\u00e9 aper\u00e7u t\u00f4t lundi par des agents de s\u00e9curit\u00e9, avant de prendre la fuite. Il n&rsquo;a pas \u00e9t\u00e9 identifi\u00e9.<\/p>\n<blockquote><p>\u00ab\u00a0En vertu de la Convention de Vienne sur les relations diplomatiques de 1961, il revient au pays h\u00f4te de prendre toutes les mesures appropri\u00e9es pour prot\u00e9ger les locaux des missions diplomatiques contre toute forme d&rsquo;intrusions ou de dommages\u00a0\u00bb, a insist\u00e9 l&rsquo;ambassade \u00e9quatorienne, qualifiant l&rsquo;incident \u00ab\u00a0d&rsquo;extr\u00eamement grave\u00a0\u00bb.<\/p><\/blockquote>\n<p>Scotland Yard a lev\u00e9 en octobre dernier la surveillance permanente de l&rsquo;ambassade, jugeant qu&rsquo;elle n&rsquo;\u00e9tait plus \u00ab\u00a0proportionn\u00e9e\u00a0\u00bb. Le co\u00fbt de cette surveillance a \u00e9t\u00e9 estim\u00e9 au total \u00e0 plus de 13 millions de livres (15 millions d&rsquo;euros) par <strong>Wikileaks<\/strong>.<\/p>\n<p>Des cam\u00e9ras de vid\u00e9osurveillance sont toutefois install\u00e9es aux abords du b\u00e2timent.<\/p>\n<p>L&rsquo;Australien de 45 ans, sous le coup d&rsquo;un mandat d&rsquo;arr\u00eat dans une enqu\u00eate pour viol apr\u00e8s une plainte d\u00e9pos\u00e9e par une Su\u00e9doise en 2010, est r\u00e9fugi\u00e9 depuis juin 2012 \u00e0 l&rsquo;ambassade d&rsquo;\u00c9quateur \u00e0 Londres. <\/p>\n<p>Co-fondateur du site WikiLeaks, qui a diffus\u00e9 depuis 2010 plus de 250.000 documents r\u00e9v\u00e9lant notamment les dessous de la diplomatie am\u00e9ricaine, M. Assange avait demand\u00e9 l&rsquo;asile \u00e0 Quito pour \u00e9chapper \u00e0 une extradition vers la Su\u00e8de, de crainte d&rsquo;\u00eatre ensuite extrad\u00e9 vers les \u00c9tats-Unis. (AFP)<\/p>\n","protected":false},"excerpt":{"rendered":"<p>L&rsquo;Equateur a accus\u00e9 les autorit\u00e9s britanniques de prot\u00e9ger de mani\u00e8re \u00ab\u00a0inad\u00e9quate\u00a0\u00bb son ambassade \u00e0 Londres, o\u00f9 le fondateur de Wikileaks Julian Assange est r\u00e9fugi\u00e9 depuis 2012, apr\u00e8s une tentative d&rsquo;intrusion lundi dernier. \u00ab\u00a0Le gouvernement \u00e9quatorien est pr\u00e9occup\u00e9 par la r\u00e9ponse inad\u00e9quate apport\u00e9e par les autorit\u00e9s britanniques, qui sont arriv\u00e9es \u00e0 l&rsquo;ambassade plus de deux heures [&hellip;]<\/p>\n","protected":false},"author":1,"featured_media":1915,"comment_status":"open","ping_status":"closed","sticky":false,"template":"","format":"standard","meta":{"footnotes":""},"categories":[30],"tags":[540,329,328],"class_list":["post-2463","post","type-post","status-publish","format-standard","has-post-thumbnail","hentry","category-actualite","tag-equateur","tag-julian-assange","tag-wikileaks"],"aioseo_notices":[],"_links":{"self":[{"href":"https:\/\/www.culturalusa.com\/news\/wp-json\/wp\/v2\/posts\/2463","targetHints":{"allow":["GET"]}}],"collection":[{"href":"https:\/\/www.culturalusa.com\/news\/wp-json\/wp\/v2\/posts"}],"about":[{"href":"https:\/\/www.culturalusa.com\/news\/wp-json\/wp\/v2\/types\/post"}],"author":[{"embeddable":true,"href":"https:\/\/www.culturalusa.com\/news\/wp-json\/wp\/v2\/users\/1"}],"replies":[{"embeddable":true,"href":"https:\/\/www.culturalusa.com\/news\/wp-json\/wp\/v2\/comments?post=2463"}],"version-history":[{"count":0,"href":"https:\/\/www.culturalusa.com\/news\/wp-json\/wp\/v2\/posts\/2463\/revisions"}],"wp:featuredmedia":[{"embeddable":true,"href":"https:\/\/www.culturalusa.com\/news\/wp-json\/wp\/v2\/media\/1915"}],"wp:attachment":[{"href":"https:\/\/www.culturalusa.com\/news\/wp-json\/wp\/v2\/media?parent=2463"}],"wp:term":[{"taxonomy":"category","embeddable":true,"href":"https:\/\/www.culturalusa.com\/news\/wp-json\/wp\/v2\/categories?post=2463"},{"taxonomy":"post_tag","embeddable":true,"href":"https:\/\/www.culturalusa.com\/news\/wp-json\/wp\/v2\/tags?post=2463"}],"curies":[{"name":"wp","href":"https:\/\/api.w.org\/{rel}","templated":true}]}}