{"id":2466,"date":"2016-08-23T19:00:20","date_gmt":"2016-08-23T17:00:20","guid":{"rendered":"http:\/\/www.culturalusa.com\/news\/?p=2466"},"modified":"2016-08-25T11:43:08","modified_gmt":"2016-08-25T09:43:08","slug":"linterdiction-du-burkini-arrive-jeudi-au-conseil-detat","status":"publish","type":"post","link":"https:\/\/www.culturalusa.com\/news\/culture\/linterdiction-du-burkini-arrive-jeudi-au-conseil-detat\/","title":{"rendered":"L&rsquo;interdiction du burkini arrive jeudi au Conseil d&rsquo;Etat"},"content":{"rendered":"<p><img loading=\"lazy\" decoding=\"async\" src=\"http:\/\/www.culturalusa.com\/news\/wp-content\/uploads\/2016\/08\/burkini.jpg\" alt=\"burkini\" width=\"470\" height=\"265\" class=\"aligncenter size-full wp-image-2467\" srcset=\"https:\/\/www.culturalusa.com\/news\/wp-content\/uploads\/2016\/08\/burkini.jpg 470w, https:\/\/www.culturalusa.com\/news\/wp-content\/uploads\/2016\/08\/burkini-275x155.jpg 275w\" sizes=\"auto, (max-width: 470px) 100vw, 470px\" \/>Le Conseil d&rsquo;\u00c9tat, plus haute juridiction administrative fran\u00e7aise, examinera jeudi \u00e0 15H00 en audience publique une requ\u00eate de la Ligue des droits de l&rsquo;homme (LDH) contre un arr\u00eat\u00e9 anti-burkini pris par la commune de Villeneuve-Loubet, selon un communiqu\u00e9 publi\u00e9 mardi.<\/p>\n<p>Dernier recours en mati\u00e8re de justice administrative, le Conseil d?\u00c9tat aura pour t\u00e2che de fixer la jurisprudence, c&rsquo;est-\u00e0-dire les r\u00e8gles \u00e0 suivre sur tout le territoire fran\u00e7ais, pour tous les arr\u00eat\u00e9s de ce type adopt\u00e9s par une s\u00e9rie de communes du littoral.<\/p>\n<p>La LDH avait fait appel apr\u00e8s une d\u00e9cision du tribunal administratif de Nice sur l&rsquo;arr\u00eat\u00e9 de Villeneuve-Loubet.<\/p>\n<p>Ce dernier avait valid\u00e9 lundi l&rsquo;interdiction de ces tenues de bain islamiques en estimant que cette interdiction, prononc\u00e9e aussi par plusieurs autres communes de la C\u00f4te d&rsquo;Azur, \u00e9tait \u00ab\u00a0n\u00e9cessaire, adapt\u00e9e et proportionn\u00e9e\u00a0\u00bb pour \u00e9viter des troubles \u00e0 l&rsquo;ordre public apr\u00e8s la succession d&rsquo;attentats en France, dont celui de Nice le 14 juillet.<\/p>\n<p>La juridiction locale avait aussi estim\u00e9 que le port de ces tenues de bain tr\u00e8s couvrantes \u00e9tait \u00ab\u00a0de nature \u00e0 porter atteinte aux convictions ou l&rsquo;absence de convictions religieuses des autres usagers de la plage\u00a0\u00bb et \u00ab\u00a0\u00eatre ressenti comme une d\u00e9fiance ou une provocation exacerbant les tensions ressenties par la population\u00a0\u00bb.<\/p>\n<p>Pour la LDH et d&rsquo;autres associations, cet arr\u00eat\u00e9 contient des \u00ab\u00a0atteintes graves et manifestement ill\u00e9gales \u00e0 de nombreuses libert\u00e9s fondamentales\u00a0\u00bb, entre autres la libert\u00e9 de religion. Le d\u00e9bat autour du burkini, tenue de bain qui couvre le corps des cheveux aux chevilles, agite le pays depuis une dizaine de jours.<\/p>\n<p>Le Premier ministre Manuel Valls avait d\u00e9clar\u00e9 \u00ab\u00a0comprendre les maires\u00a0\u00bb qui ont pris de telles d\u00e9cisions. (AFP)<\/p>\n","protected":false},"excerpt":{"rendered":"<p>Le Conseil d&rsquo;\u00c9tat, plus haute juridiction administrative fran\u00e7aise, examinera jeudi \u00e0 15H00 en audience publique une requ\u00eate de la Ligue des droits de l&rsquo;homme (LDH) contre un arr\u00eat\u00e9 anti-burkini pris par la commune de Villeneuve-Loubet, selon un communiqu\u00e9 publi\u00e9 mardi. Dernier recours en mati\u00e8re de justice administrative, le Conseil d?\u00c9tat aura pour t\u00e2che de fixer [&hellip;]<\/p>\n","protected":false},"author":1,"featured_media":0,"comment_status":"open","ping_status":"closed","sticky":false,"template":"","format":"standard","meta":{"footnotes":""},"categories":[4],"tags":[545,546],"class_list":["post-2466","post","type-post","status-publish","format-standard","hentry","category-culture","tag-burkini","tag-conseil-detat"],"aioseo_notices":[],"_links":{"self":[{"href":"https:\/\/www.culturalusa.com\/news\/wp-json\/wp\/v2\/posts\/2466","targetHints":{"allow":["GET"]}}],"collection":[{"href":"https:\/\/www.culturalusa.com\/news\/wp-json\/wp\/v2\/posts"}],"about":[{"href":"https:\/\/www.culturalusa.com\/news\/wp-json\/wp\/v2\/types\/post"}],"author":[{"embeddable":true,"href":"https:\/\/www.culturalusa.com\/news\/wp-json\/wp\/v2\/users\/1"}],"replies":[{"embeddable":true,"href":"https:\/\/www.culturalusa.com\/news\/wp-json\/wp\/v2\/comments?post=2466"}],"version-history":[{"count":0,"href":"https:\/\/www.culturalusa.com\/news\/wp-json\/wp\/v2\/posts\/2466\/revisions"}],"wp:attachment":[{"href":"https:\/\/www.culturalusa.com\/news\/wp-json\/wp\/v2\/media?parent=2466"}],"wp:term":[{"taxonomy":"category","embeddable":true,"href":"https:\/\/www.culturalusa.com\/news\/wp-json\/wp\/v2\/categories?post=2466"},{"taxonomy":"post_tag","embeddable":true,"href":"https:\/\/www.culturalusa.com\/news\/wp-json\/wp\/v2\/tags?post=2466"}],"curies":[{"name":"wp","href":"https:\/\/api.w.org\/{rel}","templated":true}]}}