{"id":2478,"date":"2016-10-07T01:19:13","date_gmt":"2016-10-06T23:19:13","guid":{"rendered":"http:\/\/www.culturalusa.com\/news\/?p=2478"},"modified":"2020-12-17T19:15:42","modified_gmt":"2020-12-17T18:15:42","slug":"bresil-enquete-sur-lula-pour-appartenance-a-une-organisation-criminelle","status":"publish","type":"post","link":"https:\/\/www.culturalusa.com\/news\/actualite\/bresil-enquete-sur-lula-pour-appartenance-a-une-organisation-criminelle\/","title":{"rendered":"Br\u00e9sil: enqu\u00eate sur Lula pour appartenance \u00e0 une organisation criminelle"},"content":{"rendered":"<p>L&rsquo;ex-pr\u00e9sident du Br\u00e9sil Luiz Inacio Lula da Silva sera vis\u00e9 par une enqu\u00eate pour appartenance \u00e0 une \u00ab\u00a0organisation criminelle organis\u00e9e\u00a0\u00bb d&rsquo;hommes politiques ayant d\u00e9tourn\u00e9 des milliards de dollars du groupe p\u00e9trolier d&rsquo;Etat Petrobras, a annonc\u00e9 jeudi le Tribunal supr\u00eame f\u00e9d\u00e9ral (STF).<\/p>\n<p>Le magistrat Teori Zavascki a d\u00e9cid\u00e9 d&rsquo;inclure l&rsquo;ancien pr\u00e9sident, figure embl\u00e9matique de la gauche latinoam\u00e9ricaine, dans le dossier d&rsquo;enqu\u00eate sur la participation de dirigeants du Parti des travailleurs (PT) \u00e0 un r\u00e9seau de corruption, une affaire qui vise aussi le PSDB (centre droit), formation du pr\u00e9sident Michel Temer, et son alli\u00e9 de droite, le PP.<\/p>\n<p>Lula, qui a pr\u00e9sid\u00e9 le Br\u00e9sil de 2003 \u00e0 2010, a d\u00e9j\u00e0 \u00e9t\u00e9 inculp\u00e9 \u00e0 deux reprises dans ce vaste scandale au sein de Petrobras : pour corruption et blanchiment d&rsquo;argent, ainsi que pour entrave \u00e0 la justice.<\/p>\n<p>C&rsquo;est la premi\u00e8re fois qu&rsquo;il est soup\u00e7onn\u00e9 de faire partie d&rsquo;une organisation criminelle dans ce m\u00eame dossier, m\u00eame si le parquet ne l&rsquo;a pour l&rsquo;instant pas inculp\u00e9.<\/p>\n<p>Le STF a lanc\u00e9 une vaste enqu\u00eate, portant notamment sur plusieurs parlementaires et ministres.<\/p>\n<p>Il soup\u00e7onne l&rsquo;existence d'\u00a0\u00bbun groupe criminel organis\u00e9, command\u00e9 et articul\u00e9 par des personnalit\u00e9s politiques de divers partis, avec l&rsquo;objectif de p\u00e9renniser leur enrichissement illicite ainsi que celui d&rsquo;entreprises, tout en finan\u00e7ant des campagnes \u00e9lectorales gr\u00e2ce \u00e0 ces d\u00e9tournements d&rsquo;argent\u00a0\u00bb public, a expliqu\u00e9 le procureur g\u00e9n\u00e9ral Rodrigo Janot.<\/p>\n<p>Mercredi, la police br\u00e9silienne avait pr\u00e9sent\u00e9 devant le parquet une nouvelle accusation contre Lula pour corruption passive : il aurait us\u00e9 de son influence pour favoriser le g\u00e9ant de la construction Odebrecht dans des contrats en Angola en \u00e9change de pots-de-vin.<\/p>\n<p>Lula, 70 ans, a toujours rejet\u00e9 les charges contre lui et d\u00e9nonce leur caract\u00e8re politique qui viseraient, selon lui, \u00e0 l&rsquo;\u00e9liminer de la course \u00e0 la pr\u00e9sidentielle de 2018.<\/p>\n<p>Il se dit victime d&rsquo;un complot \u00ab\u00a0des \u00e9lites\u00a0\u00bb, dans la continuit\u00e9 du \u00ab\u00a0coup d&rsquo;Etat\u00a0\u00bb parlementaire contre la pr\u00e9sidente Dilma Rousseff, destitu\u00e9e par le S\u00e9nat le 31 ao\u00fbt pour maquillage de comptes publics.<\/p>\n","protected":false},"excerpt":{"rendered":"<p>L&rsquo;ex-pr\u00e9sident du Br\u00e9sil Luiz Inacio Lula da Silva sera vis\u00e9 par une enqu\u00eate pour appartenance \u00e0 une \u00ab\u00a0organisation criminelle organis\u00e9e\u00a0\u00bb d&rsquo;hommes politiques ayant d\u00e9tourn\u00e9 des milliards de dollars du groupe p\u00e9trolier d&rsquo;Etat Petrobras, a annonc\u00e9 jeudi le Tribunal supr\u00eame f\u00e9d\u00e9ral (STF). Le magistrat Teori Zavascki a d\u00e9cid\u00e9 d&rsquo;inclure l&rsquo;ancien pr\u00e9sident, figure embl\u00e9matique de la gauche [&hellip;]<\/p>\n","protected":false},"author":1,"featured_media":3793,"comment_status":"open","ping_status":"closed","sticky":false,"template":"","format":"standard","meta":{"footnotes":""},"categories":[30],"tags":[443,464],"class_list":["post-2478","post","type-post","status-publish","format-standard","has-post-thumbnail","hentry","category-actualite","tag-bresil","tag-lula"],"aioseo_notices":[],"_links":{"self":[{"href":"https:\/\/www.culturalusa.com\/news\/wp-json\/wp\/v2\/posts\/2478","targetHints":{"allow":["GET"]}}],"collection":[{"href":"https:\/\/www.culturalusa.com\/news\/wp-json\/wp\/v2\/posts"}],"about":[{"href":"https:\/\/www.culturalusa.com\/news\/wp-json\/wp\/v2\/types\/post"}],"author":[{"embeddable":true,"href":"https:\/\/www.culturalusa.com\/news\/wp-json\/wp\/v2\/users\/1"}],"replies":[{"embeddable":true,"href":"https:\/\/www.culturalusa.com\/news\/wp-json\/wp\/v2\/comments?post=2478"}],"version-history":[{"count":0,"href":"https:\/\/www.culturalusa.com\/news\/wp-json\/wp\/v2\/posts\/2478\/revisions"}],"wp:featuredmedia":[{"embeddable":true,"href":"https:\/\/www.culturalusa.com\/news\/wp-json\/wp\/v2\/media\/3793"}],"wp:attachment":[{"href":"https:\/\/www.culturalusa.com\/news\/wp-json\/wp\/v2\/media?parent=2478"}],"wp:term":[{"taxonomy":"category","embeddable":true,"href":"https:\/\/www.culturalusa.com\/news\/wp-json\/wp\/v2\/categories?post=2478"},{"taxonomy":"post_tag","embeddable":true,"href":"https:\/\/www.culturalusa.com\/news\/wp-json\/wp\/v2\/tags?post=2478"}],"curies":[{"name":"wp","href":"https:\/\/api.w.org\/{rel}","templated":true}]}}