{"id":2484,"date":"2016-10-17T00:53:05","date_gmt":"2016-10-16T22:53:05","guid":{"rendered":"http:\/\/www.culturalusa.com\/news\/?p=2484"},"modified":"2020-11-04T15:22:44","modified_gmt":"2020-11-04T14:22:44","slug":"le-portugal-doit-se-serrer-la-ceinture-et-appliquer-la-discipline-budgetaire","status":"publish","type":"post","link":"https:\/\/www.culturalusa.com\/news\/portugal\/le-portugal-doit-se-serrer-la-ceinture-et-appliquer-la-discipline-budgetaire\/","title":{"rendered":"Le Portugal doit se serrer la ceinture et appliquer la discipline budg\u00e9taire"},"content":{"rendered":"<p>Lisbonne souhaite se serrer la ceinture. Le gouvernement socialiste du Portugal a pr\u00e9sent\u00e9 un projet de budget pour 2017 qui vise \u00e0 rassurer Bruxelles et les march\u00e9s sur sa d\u00e9termination \u00e0 juguler les d\u00e9ficits, tout en m\u00e9nageant ses alli\u00e9s de la gauche anti-aust\u00e9rit\u00e9. <\/p>\n<p>\u00ab\u00a0C&rsquo;est un budget responsable, marqu\u00e9 par un assainissement des comptes qui est conjugu\u00e9 \u00e0 des orientations sociales\u00a0\u00bb, a r\u00e9sum\u00e9 le ministre des Finances Mario Centeno, ajoutant qu&rsquo;il s&rsquo;attendait \u00e0 une \u00ab\u00a0\u00e9valuation positive\u00a0\u00bb de la part de la Commission europ\u00e9enne.<\/p>\n<p>Les objectifs affich\u00e9s sont ambitieux: Lisbonne compte ramener son d\u00e9ficit public \u00e0 2,4% du PIB cette ann\u00e9e, restant ainsi nettement en dessous de la barre fatidique de 3% fix\u00e9e par les r\u00e8gles europ\u00e9ennes, pour le r\u00e9duire encore \u00e0 1,6% l&rsquo;an prochain, soit un effort de 1,5 milliard d&rsquo;euros.<\/p>\n<p>Le message de Bruxelles avait \u00e9t\u00e9 sans \u00e9quivoque: si le Portugal, tout comme l&rsquo;Espagne, veut \u00e9chapper au gel de ses fonds europ\u00e9ens, apr\u00e8s avoir \u00e9vit\u00e9 de justesse une amende pour d\u00e9rapage de ses comptes, il faudra faire preuve de discipline budg\u00e9taire.<\/p>\n<p>La d\u00e9cision sur les fonds structurels d\u00e9pendra \u00ab\u00a0dans une large mesure\u00a0\u00bb de l&rsquo;engagement de Lisbonne \u00e0 mettre en oeuvre un budget \u00ab\u00a0conforme\u00a0\u00bb aux recommandations de la Commission, avait pr\u00e9venu encore mardi l&rsquo;un de ses vice-pr\u00e9sidents, Valdis Dombrovskis. <\/p>\n<p>\u00ab\u00a0Le Portugal ne m\u00e9rite pas une telle sanction!\u00a0\u00bb a lanc\u00e9 vendredi le Premier ministre Antonio Costa, r\u00e9it\u00e9rant que son gouvernement allait \u00ab\u00a0respecter son contrat avec l&rsquo;Union europ\u00e9enne\u00a0\u00bb, mais aussi rendre du pouvoir d&rsquo;achat aux m\u00e9nages.<br \/>\nInqui\u00e9tudes sur la croissance<\/p>\n<p>L&rsquo;ex\u00e9cutif socialiste cherche \u00e0 tranquilliser les investisseurs, inquiets de voir le Portugal entrer, \u00e0 terme, dans une \u00ab\u00a0spirale n\u00e9gative\u00a0\u00bb et perdre l&rsquo;acc\u00e8s aux march\u00e9s de la dette, comme a pr\u00e9venu le Fonds mon\u00e9taire international (FMI). <\/p>\n<p>Le taux d&#8217;emprunt du pays \u00e0 dix ans a atteint 3,4%, un niveau nettement sup\u00e9rieur \u00e0 ceux de l&rsquo;Espagne (1,1%) ou de l&rsquo;Italie (1,4%). Autre pr\u00e9occupation des march\u00e9s, la faible croissance \u00e9conomique du Portugal qui a d\u00fb corriger \u00e0 la baisse ses pr\u00e9visions, \u00e0 1,2% cette ann\u00e9e et \u00e0 1,5% en 2017, apr\u00e8s avoir tabl\u00e9 sur 1,8% pour ces deux ann\u00e9es.<\/p>\n<p>S&rsquo;ajoute une situation politique fragile: pour faire passer ce budget, le gouvernement, minoritaire au Parlement, d\u00e9pendra des voix du Bloc de gauche, proche du Podemos espagnol, et du Parti communiste, tous deux eurosceptiques. <\/p>\n<p>\u00ab\u00a0Le PCP ne signera pas de ch\u00e8que en blanc\u00a0\u00bb, a pr\u00e9venu le chef de file parlementaire des communistes, Joao Oliveira, alors que la n\u00e9gociation sur certaines mesures devrait se poursuivre au cours du d\u00e9bat budg\u00e9taire au Parlement. <\/p>\n<p>Malgr\u00e9 ces atermoiements, l&rsquo;alliance de la gauche devrait \u00eatre en mesure d&rsquo;accorder ses violons, estime le politologue Jos\u00e9 Antonio Passos Palmeira: \u00ab\u00a0il n&rsquo;y a aucune raison qu&rsquo;ils ne se mettent pas d&rsquo;accord pour maintenir cet \u00e9quilibre politique pr\u00e9caire\u00a0\u00bb en vigueur depuis pr\u00e8s d&rsquo;un an.<br \/>\nTaxe sur l&rsquo;immobilier<\/p>\n<p>Le projet de budget, qui sera soumis le 4 novembre \u00e0 un premier vote au Parlement, comprend la suppression progressive d&rsquo;une surtaxe sur les revenus et une revalorisation des retraites les plus modestes. <\/p>\n<p>Pour compenser cette hausse des d\u00e9penses, l&rsquo;ex\u00e9cutif aura recours \u00e0 une augmentation des imp\u00f4ts indirects, dont une taxe sur les sodas et un pr\u00e9l\u00e8vement sur le patrimoine immobilier des contribuables fortun\u00e9s. <\/p>\n<p>De quoi faire bondir les professionnels de l&rsquo;immobilier: \u00ab\u00a0Cet imp\u00f4t aura des effets d\u00e9vastateurs sur le secteur et entamera la confiance des investisseurs \u00e9trangers\u00a0\u00bb, redoute Luis Lima, pr\u00e9sident de l&rsquo;Association des agents immobiliers du Portugal.<\/p>\n<p>Alors que le Portugal est sorti de son plan d&rsquo;aide internationale de 78 milliards d&rsquo;euros en 2014, la petite agence de notation canadienne DBRS, la seule des quatre reconnues par la Banque centrale europ\u00e9enne (BCE) \u00e0 classer le Portugal en cat\u00e9gorie \u00ab\u00a0investissement\u00a0\u00bb, scrutera son budget de tr\u00e8s pr\u00e8s. <\/p>\n<p>Si elle abaisse la note de la solvabilit\u00e9 lusitanienne le 21 octobre, date de son prochain verdict, la BCE risque d&rsquo;exclure le Portugal de son programme d&rsquo;achat d&rsquo;obligations, provoquant ainsi une brusque hausse de ses taux d&#8217;emprunt. (AFP)<\/p>\n","protected":false},"excerpt":{"rendered":"<p>Lisbonne souhaite se serrer la ceinture. Le gouvernement socialiste du Portugal a pr\u00e9sent\u00e9 un projet de budget pour 2017 qui vise \u00e0 rassurer Bruxelles et les march\u00e9s sur sa d\u00e9termination \u00e0 juguler les d\u00e9ficits, tout en m\u00e9nageant ses alli\u00e9s de la gauche anti-aust\u00e9rit\u00e9. \u00ab\u00a0C&rsquo;est un budget responsable, marqu\u00e9 par un assainissement des comptes qui est [&hellip;]<\/p>\n","protected":false},"author":1,"featured_media":1693,"comment_status":"open","ping_status":"closed","sticky":false,"template":"","format":"standard","meta":{"footnotes":""},"categories":[3],"tags":[554,555],"class_list":["post-2484","post","type-post","status-publish","format-standard","has-post-thumbnail","hentry","category-portugal","tag-discipline-budgetaire","tag-gouvernement-socialiste-du-portugal"],"aioseo_notices":[],"_links":{"self":[{"href":"https:\/\/www.culturalusa.com\/news\/wp-json\/wp\/v2\/posts\/2484","targetHints":{"allow":["GET"]}}],"collection":[{"href":"https:\/\/www.culturalusa.com\/news\/wp-json\/wp\/v2\/posts"}],"about":[{"href":"https:\/\/www.culturalusa.com\/news\/wp-json\/wp\/v2\/types\/post"}],"author":[{"embeddable":true,"href":"https:\/\/www.culturalusa.com\/news\/wp-json\/wp\/v2\/users\/1"}],"replies":[{"embeddable":true,"href":"https:\/\/www.culturalusa.com\/news\/wp-json\/wp\/v2\/comments?post=2484"}],"version-history":[{"count":0,"href":"https:\/\/www.culturalusa.com\/news\/wp-json\/wp\/v2\/posts\/2484\/revisions"}],"wp:featuredmedia":[{"embeddable":true,"href":"https:\/\/www.culturalusa.com\/news\/wp-json\/wp\/v2\/media\/1693"}],"wp:attachment":[{"href":"https:\/\/www.culturalusa.com\/news\/wp-json\/wp\/v2\/media?parent=2484"}],"wp:term":[{"taxonomy":"category","embeddable":true,"href":"https:\/\/www.culturalusa.com\/news\/wp-json\/wp\/v2\/categories?post=2484"},{"taxonomy":"post_tag","embeddable":true,"href":"https:\/\/www.culturalusa.com\/news\/wp-json\/wp\/v2\/tags?post=2484"}],"curies":[{"name":"wp","href":"https:\/\/api.w.org\/{rel}","templated":true}]}}