{"id":2487,"date":"2016-10-27T01:00:05","date_gmt":"2016-10-26T23:00:05","guid":{"rendered":"http:\/\/www.culturalusa.com\/news\/?p=2487"},"modified":"2016-10-27T01:00:05","modified_gmt":"2016-10-26T23:00:05","slug":"francois-hollande-a-celebre-la-memoire-de-francois-mitterrand","status":"publish","type":"post","link":"https:\/\/www.culturalusa.com\/news\/actualite\/francois-hollande-a-celebre-la-memoire-de-francois-mitterrand\/","title":{"rendered":"Fran\u00e7ois Hollande a c\u00e9l\u00e9br\u00e9 la m\u00e9moire de Fran\u00e7ois Mitterrand"},"content":{"rendered":"<p><img loading=\"lazy\" decoding=\"async\" src=\"http:\/\/www.culturalusa.com\/news\/wp-content\/uploads\/2015\/11\/francois-hollande.jpg\" alt=\"Fran\u00e7ois Hollande\" width=\"467\" height=\"265\" class=\"aligncenter size-full wp-image-1984\" srcset=\"https:\/\/www.culturalusa.com\/news\/wp-content\/uploads\/2015\/11\/francois-hollande.jpg 467w, https:\/\/www.culturalusa.com\/news\/wp-content\/uploads\/2015\/11\/francois-hollande-275x156.jpg 275w\" sizes=\"auto, (max-width: 467px) 100vw, 467px\" \/>Fran\u00e7ois Hollande a c\u00e9l\u00e9br\u00e9 la m\u00e9moire de Fran\u00e7ois Mitterrand pour mieux parler de lui-m\u00eame et de 2017, requinqu\u00e9 par les bons chiffres de l&#8217;emploi mais confront\u00e9 \u00e0 la d\u00e9fiance sans pr\u00e9c\u00e9dent des Fran\u00e7ais et aux doutes de son propre camp \u00e0 six mois de la pr\u00e9sidentielle.<\/p>\n<p>Devant la \u00ab\u00a0Mitterrandie\u00a0\u00bb r\u00e9unie au grand complet ou presque sous la Pyramide du Louvre, le chef de l?\u00c9tat s&rsquo;est projet\u00e9 dans l&rsquo;avenir en se souvenant du pass\u00e9.<\/p>\n<p>\u00ab\u00a0A la gauche, \u00e0 toute la gauche, (Fran\u00e7ois Mitterrand) laisse un testament d\u00e9cisif, se rassembler pour gouverner et gouverner pour r\u00e9former et changer le pays\u00a0\u00bb, a-t-il lanc\u00e9 sous les applaudissements, dans une claire allusion aux enjeux de la pr\u00e9sidentielle de 2017.<\/p>\n<p>Puis, de nouveau applaudi, il a \u00e9voqu\u00e9 sa propre impopularit\u00e9 dans un demi-sourire: \u00ab\u00a0Faut-il rappeler ce que Fran\u00e7ois Mitterrand a pu subir de critiques, de contestations, d&rsquo;outrages, d&rsquo;outrances\u00a0\u00bb.<\/p>\n<p>Fran\u00e7ois Mitterrand avait cr\u00e9\u00e9 le RMI, la CSG ou l&rsquo;imp\u00f4t sur la fortune, \u00ab\u00a0celui-l\u00e0 m\u00eame que l&rsquo;on voudrait ici ou l\u00e0 supprimer\u00a0\u00bb, a-t-il poursuivi, dans une allusion cette fois aux programmes de la plupart des candidats \u00e0 la primaire de la droite.<\/p>\n<p>Outre deux enfants de Fran\u00e7ois Mitterrand, Mazarine et Gilbert, de nombreux proches, ministres et collaborateurs du pr\u00e9sident d\u00e9funt \u00e9taient convi\u00e9s sous la Pyramide du Louvre : Robert Badinter, Pierre Joxe, Jack Lang, Jacques Attali, Jean-Luc M\u00e9lenchon, Jean-Pierre Chev\u00e8nement, Michel Charasse, Laurent Fabius, Jean-Louis Bianco, Hubert V\u00e9drine, Claude Bartolone, Lionel Jospin, Edith Cresson&#8230;<\/p>\n<p>Seule fausse note: Claude Bartolone a quitt\u00e9 les lieux avant le discours du chef de l?\u00c9tat. Le pr\u00e9sident de l&rsquo;Assembl\u00e9e nationale avait \u00e9t\u00e9 ulc\u00e9r\u00e9 par les propos rapport\u00e9s dans \u00ab\u00a0Un pr\u00e9sident ne devrait pas dire \u00e7a&#8230;\u00a0\u00bb (Stock) o\u00f9 Fran\u00e7ois Hollande estimait qu&rsquo;il n&rsquo;avait \u00ab\u00a0pas l&rsquo;envergure\u00a0\u00bb pour \u00eatre Premier ministre.<\/p>\n<p>Pour le reste, le chef de l?\u00c9tat s&rsquo;est abstenu de mettre trop clairement ses pas dans ceux de son unique pr\u00e9d\u00e9cesseur socialiste de la Ve R\u00e9publique, tant le contraste entre eux est frappant.<\/p>\n<p>Selon un sondage publi\u00e9 mardi, seuls 4% des Fran\u00e7ais approuvent l&rsquo;action de l&rsquo;actuel locataire de l&rsquo;Elys\u00e9e, qui h\u00e9siterait encore \u00e0 se repr\u00e9senter. A l&rsquo;inverse, Mitterrand avait \u00e9t\u00e9 r\u00e9\u00e9lu dans un fauteuil en 1988 (54% face \u00e0 Jacques Chirac).<\/p>\n<p>Mardi, l&rsquo;annonce d&rsquo;un recul d&rsquo;une ampleur in\u00e9dite depuis vingt ans du nombre de ch\u00f4meurs (-66.300) avait cependant redonn\u00e9 corps \u00e0 l&rsquo;id\u00e9e d&rsquo;une candidature de Fran\u00e7ois Hollande.<\/p>\n<p>Deux semaines apr\u00e8s la parution de \u00ab\u00a0Un pr\u00e9sident ne devrait pas dire \u00e7a&#8230;\u00a0\u00bb et apr\u00e8s la forte hausse du ch\u00f4mage en ao\u00fbt (+50.200), cette bonne nouvelle venait \u00e0 point nomm\u00e9.<\/p>\n<p><strong>Probl\u00e8me d&rsquo;incarnation<\/strong><br \/>\nLa parole s&rsquo;\u00e9tait lib\u00e9r\u00e9e parmi les parlementaires et ministres au lendemain de la publication du livre, certains doutant ouvertement de la volont\u00e9 du pr\u00e9sident de se repr\u00e9senter voire de l&rsquo;opportunit\u00e9 de sa candidature.<\/p>\n<p>Mardi encore, tout en plaidant devant les d\u00e9put\u00e9s PS pour un rassemblement de la gauche face au \u00ab\u00a0risque d&rsquo;\u00eatre zapp\u00e9e de la pr\u00e9sidentielle\u00a0\u00bb, Claude Bartolone s&rsquo;est alarm\u00e9 d&rsquo;un \u00ab\u00a0probl\u00e8me d&rsquo;incarnation\u00a0\u00bb de la fonction pr\u00e9sidentielle.<\/p>\n<p>Le choix rel\u00e8ve d&rsquo;une \u00ab\u00a0d\u00e9cision intime\u00a0\u00bb mais Fran\u00e7ois Hollande devra \u00ab\u00a0tenir compte de la situation\u00a0\u00bb, a reconnu mercredi Manuel Valls, lui-m\u00eame \u00ab\u00a0pr\u00e9sidentiable\u00a0\u00bb, selon le premier secr\u00e9taire du PS Jean-Christophe Cambad\u00e9lis.<\/p>\n<p>Fran\u00e7ois Hollande le r\u00e9p\u00e8te: il ne dira que d\u00e9but d\u00e9cembre s&rsquo;il brigue un second mandat. A d\u00e9faut d&rsquo;\u00eatre le candidat naturel de la gauche, il se lancerait alors dans une campagne originale, challenger du candidat de l&rsquo;opposition avec l&rsquo;espoir &#8211; aujourd&rsquo;hui t\u00e9nu &#8211; de cr\u00e9er la surprise.<\/p>\n<p>Un espoir entretenu par le Premier ministre, peut-\u00eatre pour lui-m\u00eame aussi. Manuel Valls s&rsquo;est dit \u00ab\u00a0convaincu\u00a0\u00bb que, \u00ab\u00a0contre tous les pronostics\u00a0\u00bb, la gauche pouvait \u00ab\u00a0repr\u00e9senter demain un espoir, une esp\u00e9rance\u00a0\u00bb face aux propositions de la droite qui \u00ab\u00a0ne rencontreront jamais l&rsquo;adh\u00e9sion des Fran\u00e7ais\u00a0\u00bb.<\/p>\n<p>En fin de semaine, Fran\u00e7ois Hollande d\u00e9fendra son bilan \u00e9conomique et social devant les artisans, les Conseils citoyens et le Conseil \u00e9conomique, social et environnemental.<\/p>\n<p>Puis il effectuera en novembre une s\u00e9rie de d\u00e9placements en France \u00ab\u00a0pour montrer que les engagements pris ont \u00e9t\u00e9 tenus et qu&rsquo;ils sont les premiers r\u00e9sultats de la politique men\u00e9e par l&rsquo;ex\u00e9cutif\u00a0\u00bb, dixit son entourage.<\/p>\n<p>Commentaire d&rsquo;un proche: \u00ab\u00a0Tout au long de sa carri\u00e8re politique il a appris \u00e0 d\u00e9jouer les sondages\u00a0\u00bb.<\/p>\n","protected":false},"excerpt":{"rendered":"<p>Fran\u00e7ois Hollande a c\u00e9l\u00e9br\u00e9 la m\u00e9moire de Fran\u00e7ois Mitterrand pour mieux parler de lui-m\u00eame et de 2017, requinqu\u00e9 par les bons chiffres de l&#8217;emploi mais confront\u00e9 \u00e0 la d\u00e9fiance sans pr\u00e9c\u00e9dent des Fran\u00e7ais et aux doutes de son propre camp \u00e0 six mois de la pr\u00e9sidentielle. Devant la \u00ab\u00a0Mitterrandie\u00a0\u00bb r\u00e9unie au grand complet ou presque [&hellip;]<\/p>\n","protected":false},"author":1,"featured_media":0,"comment_status":"open","ping_status":"closed","sticky":false,"template":"","format":"standard","meta":{"footnotes":""},"categories":[30],"tags":[368,558],"class_list":["post-2487","post","type-post","status-publish","format-standard","hentry","category-actualite","tag-francois-hollande","tag-francois-mitterrand"],"aioseo_notices":[],"_links":{"self":[{"href":"https:\/\/www.culturalusa.com\/news\/wp-json\/wp\/v2\/posts\/2487","targetHints":{"allow":["GET"]}}],"collection":[{"href":"https:\/\/www.culturalusa.com\/news\/wp-json\/wp\/v2\/posts"}],"about":[{"href":"https:\/\/www.culturalusa.com\/news\/wp-json\/wp\/v2\/types\/post"}],"author":[{"embeddable":true,"href":"https:\/\/www.culturalusa.com\/news\/wp-json\/wp\/v2\/users\/1"}],"replies":[{"embeddable":true,"href":"https:\/\/www.culturalusa.com\/news\/wp-json\/wp\/v2\/comments?post=2487"}],"version-history":[{"count":0,"href":"https:\/\/www.culturalusa.com\/news\/wp-json\/wp\/v2\/posts\/2487\/revisions"}],"wp:attachment":[{"href":"https:\/\/www.culturalusa.com\/news\/wp-json\/wp\/v2\/media?parent=2487"}],"wp:term":[{"taxonomy":"category","embeddable":true,"href":"https:\/\/www.culturalusa.com\/news\/wp-json\/wp\/v2\/categories?post=2487"},{"taxonomy":"post_tag","embeddable":true,"href":"https:\/\/www.culturalusa.com\/news\/wp-json\/wp\/v2\/tags?post=2487"}],"curies":[{"name":"wp","href":"https:\/\/api.w.org\/{rel}","templated":true}]}}