{"id":2500,"date":"2016-11-07T02:17:49","date_gmt":"2016-11-07T01:17:49","guid":{"rendered":"http:\/\/www.culturalusa.com\/news\/?p=2500"},"modified":"2021-03-01T11:26:09","modified_gmt":"2021-03-01T10:26:09","slug":"chanter-au-bataclan-pour-panser-les-blessures-un-an-apres-les-attentas","status":"publish","type":"post","link":"https:\/\/www.culturalusa.com\/news\/culture\/chanter-au-bataclan-pour-panser-les-blessures-un-an-apres-les-attentas\/","title":{"rendered":"Chanter au Bataclan pour panser les blessures un an apr\u00e8s les attentas"},"content":{"rendered":"<p>Yael Naim, Youssou Ndour, Tinariwen, Marianne Faithfull ou encore Jane Birkin&#8230; Pour r\u00e9sister, pour panser les blessures ou par amiti\u00e9, ils vont revenir chanter au Bataclan, qui doit rouvrir ses portes quasiment un an apr\u00e8s les attentats sanglants du 13 novembre.<\/p>\n<p>&#8211; Youssou Ndour (en concert les 18 et 19 novembre):<\/p>\n<p>\u00ab\u00a0Le Bataclan c&rsquo;est toute une histoire avec mon ami Jules Frutos (le co-g\u00e9rant de la salle, ndlr). C&rsquo;est lui qui m&rsquo;a demand\u00e9 de jouer. Je n&rsquo;ai pas h\u00e9sit\u00e9 et j&rsquo;ai tout de suite dit oui. C&rsquo;est une mani\u00e8re de l&rsquo;encourager et aussi saluer la m\u00e9moire de ceux qui sont tomb\u00e9s au Bataclan, au Nigeria ou \u00e0 Islamabad. Avec la musique, je vais pouvoir apporter cette vie dont a besoin le Bataclan. Participer \u00e0 la r\u00e9ouverture est un geste sp\u00e9cial: la musique va pouvoir parler.\u00a0\u00bb<\/p>\n<p>&#8211; Tinariwen (en concert le 21 novembre):<\/p>\n<p>\u00ab\u00a0Pour nous, il est important de perp\u00e9tuer la diffusion de toutes les formes d&rsquo;art et de r\u00e9sister \u00e0 toute pression qui emp\u00eacherait les artistes de s&rsquo;exprimer. Jouer au Bataclan est un symbole de r\u00e9sistance \u00e0 toute forme de terrorisme. Chacun est libre mais pour nous, il est impensable de baisser les bras face \u00e0 l?ennemi. Un de nos chanteurs, Abdallah, va interpr\u00e9ter une de ses chansons dont le texte est en relation directe avec les atrocit\u00e9s qui sont commises dans notre monde&#8230;\u00a0\u00bb<\/p>\n<p>&#8211; Marianne Faithfull (en concert le 25 novembre):<\/p>\n<p>\u00ab\u00a0Je ne pensais pas du tout \u00e0 chanter au Bataclan. On me l&rsquo;a demand\u00e9 et j&rsquo;ai \u00e9t\u00e9 tr\u00e8s contente. Je ne dirai rien \u00e0 propos de cette nuit-l\u00e0 (mais) le fait que je fasse le concert et le fait que j&rsquo;aie \u00e9crit la chanson \u00ab\u00a0They Come at Night\u00a0\u00bb (\u00ab\u00a0Ils viennent la nuit\u00a0\u00bb) parlent d&rsquo;eux-m\u00eames. C&rsquo;est la seule chose que je pouvais faire. La musique peut panser les plaies, c&rsquo;est pour cela que chanter au Bataclan est une bonne chose.\u00a0\u00bb<\/p>\n<p>&#8211; Yael Naim et David Donatien (en concert le 29 novembre):<\/p>\n<p>\u00ab\u00a0Il est de notre responsabilit\u00e9 de continuer \u00e0 vivre, de ne pas \u00e9teindre un \u00e0 un ces lieux charg\u00e9s d?histoire, de marcher dans les pas de tous ceux qui ont redonn\u00e9 vie aux rues et aux caf\u00e9s touch\u00e9s par la trag\u00e9die.\u00a0\u00bb<\/p>\n<p>David: \u00ab\u00a0En tant que musicien, ce que je retiens par-dessus tout, c&rsquo;est le lieu de rendez-vous qu&rsquo;a toujours \u00e9t\u00e9 le Bataclan. On y passait sans vraiment savoir ce qui \u00e9tait programm\u00e9. C?est tr\u00e8s rare ce genre de lieux, de nos jours.\u00a0\u00bb<\/p>\n<p>Yael: \u00ab\u00a0J?ai tout simplement fait mon premier concert en France au Bataclan, alors que je venais d?arriver \u00e0 Paris.\u00a0\u00bb<\/p>\n<p>&#8211; Jack des soir\u00e9es gay \u00ab\u00a0les Follivores\u00a0\u00bb, sur sa page Facebook (le 3 d\u00e9cembre):<\/p>\n<p>\u00ab\u00a0J&rsquo;ai d\u00e9cid\u00e9 de ne plus parler de cette trag\u00e9die, afin de pouvoir, non pas essayer d&rsquo;oublier mais me tourner vers l&rsquo;avenir. Je ne veux plus avoir peur de sortir, de m&rsquo;amuser et surtout de travailler dans ce temple de la Musique et de la F\u00eate, qu&rsquo;est le Bataclan. (&#8230;) L&rsquo;\u00e9quipe enti\u00e8re a d\u00e9cid\u00e9 sans r\u00e9fl\u00e9chir une seconde, de me suivre dans notre reprise au Bataclan le 3 d\u00e9cembre d\u00e8s minuit. OUI, il est temps pour nous de reprendre l\u00e0 o\u00f9 nous nous sommes arr\u00eat\u00e9s, la vie doit reprendre son cours.\u00a0\u00bb<\/p>\n<p>&#8211; Jane Birkin dans une interview au Parisien (pas de date de concert pr\u00e9vue):<\/p>\n<p>Rechanter au Bataclan, \u00ab\u00a0je l&rsquo;esp\u00e8re, je le veux. Pour \u00ab\u00a0Charlie Hebdo\u00a0\u00bb, je n&rsquo;ai pas pu marcher car j&rsquo;\u00e9tais \u00e0 l&rsquo;h\u00f4pital. J&rsquo;\u00e9tais tellement frustr\u00e9e. Mais pour le Bataclan, je suis all\u00e9e place de la R\u00e9publique sans cam\u00e9ra, sans rien. Juste pour \u00eatre avec les gens. Des jeunes me prenaient dans leurs bras. Le Bataclan, c&rsquo;\u00e9tait ma premi\u00e8re sc\u00e8ne \u00e0 Paris, un souvenir tr\u00e8s gai. Serge (Gainsbourg, ndlr) \u00e9tait l\u00e0 avec son briquet, je voulais l&rsquo;\u00e9pater.\u00a0\u00bb (AFP)<\/p>\n","protected":false},"excerpt":{"rendered":"<p>Yael Naim, Youssou Ndour, Tinariwen, Marianne Faithfull ou encore Jane Birkin&#8230; Pour r\u00e9sister, pour panser les blessures ou par amiti\u00e9, ils vont revenir chanter au Bataclan, qui doit rouvrir ses portes quasiment un an apr\u00e8s les attentats sanglants du 13 novembre. &#8211; Youssou Ndour (en concert les 18 et 19 novembre): \u00ab\u00a0Le Bataclan c&rsquo;est toute [&hellip;]<\/p>\n","protected":false},"author":1,"featured_media":2501,"comment_status":"open","ping_status":"closed","sticky":false,"template":"","format":"standard","meta":{"footnotes":""},"categories":[4],"tags":[569,1396],"class_list":["post-2500","post","type-post","status-publish","format-standard","has-post-thumbnail","hentry","category-culture","tag-bataclan","tag-concerts"],"aioseo_notices":[],"_links":{"self":[{"href":"https:\/\/www.culturalusa.com\/news\/wp-json\/wp\/v2\/posts\/2500","targetHints":{"allow":["GET"]}}],"collection":[{"href":"https:\/\/www.culturalusa.com\/news\/wp-json\/wp\/v2\/posts"}],"about":[{"href":"https:\/\/www.culturalusa.com\/news\/wp-json\/wp\/v2\/types\/post"}],"author":[{"embeddable":true,"href":"https:\/\/www.culturalusa.com\/news\/wp-json\/wp\/v2\/users\/1"}],"replies":[{"embeddable":true,"href":"https:\/\/www.culturalusa.com\/news\/wp-json\/wp\/v2\/comments?post=2500"}],"version-history":[{"count":0,"href":"https:\/\/www.culturalusa.com\/news\/wp-json\/wp\/v2\/posts\/2500\/revisions"}],"wp:featuredmedia":[{"embeddable":true,"href":"https:\/\/www.culturalusa.com\/news\/wp-json\/wp\/v2\/media\/2501"}],"wp:attachment":[{"href":"https:\/\/www.culturalusa.com\/news\/wp-json\/wp\/v2\/media?parent=2500"}],"wp:term":[{"taxonomy":"category","embeddable":true,"href":"https:\/\/www.culturalusa.com\/news\/wp-json\/wp\/v2\/categories?post=2500"},{"taxonomy":"post_tag","embeddable":true,"href":"https:\/\/www.culturalusa.com\/news\/wp-json\/wp\/v2\/tags?post=2500"}],"curies":[{"name":"wp","href":"https:\/\/api.w.org\/{rel}","templated":true}]}}