{"id":2523,"date":"2016-12-16T23:59:53","date_gmt":"2016-12-16T22:59:53","guid":{"rendered":"http:\/\/www.culturalusa.com\/news\/?p=2523"},"modified":"2016-12-17T15:00:59","modified_gmt":"2016-12-17T14:00:59","slug":"france-un-centre-daccueil-de-migrants-incendie","status":"publish","type":"post","link":"https:\/\/www.culturalusa.com\/news\/actualite\/france-un-centre-daccueil-de-migrants-incendie\/","title":{"rendered":"France: un centre d&rsquo;accueil de migrants incendi\u00e9"},"content":{"rendered":"<p><img loading=\"lazy\" decoding=\"async\" src=\"http:\/\/www.culturalusa.com\/news\/wp-content\/uploads\/2015\/10\/flux-migrants.jpg\" alt=\"flux de migrants\" width=\"467\" height=\"280\" class=\"aligncenter size-full wp-image-1958\" srcset=\"https:\/\/www.culturalusa.com\/news\/wp-content\/uploads\/2015\/10\/flux-migrants.jpg 467w, https:\/\/www.culturalusa.com\/news\/wp-content\/uploads\/2015\/10\/flux-migrants-275x165.jpg 275w\" sizes=\"auto, (max-width: 467px) 100vw, 467px\" \/>Le feu s&rsquo;est d\u00e9clar\u00e9 dans la nuit de jeudi \u00e0 vendredi dans ce centre, qui accueille des travailleurs immigr\u00e9s vivant seuls et en situation r\u00e9guli\u00e8re, venus notamment d&rsquo;Afrique subsaharienne francophone, \u00e0 Boulogne-Billancourt, une banlieue bourgeoise de l&rsquo;ouest parisien, selon des sources polici\u00e8res.<\/p>\n<p>Une personne, qui s&rsquo;\u00e9tait d\u00e9fenestr\u00e9e, est morte, a indiqu\u00e9 la pr\u00e9fecture de police. Il s&rsquo;agit d&rsquo;un Malien \u00e2g\u00e9 d&rsquo;une quarantaine d&rsquo;ann\u00e9es, qui a saut\u00e9 du 3e \u00e9tage, a pr\u00e9cis\u00e9 \u00e0 l&rsquo;AFP Bakary Cissoko, pr\u00e9sident du comit\u00e9 des r\u00e9sidents. Douze personnes ont \u00e9t\u00e9 bless\u00e9es dans l&rsquo;incendie.<\/p>\n<p>C&rsquo;est un foyer qui pose probl\u00e8me, avec activit\u00e9s et restaurants clandestins. L&rsquo;ambiance y est d\u00e9l\u00e9t\u00e8re avec des rixes entre r\u00e9sidents et des trafics, a indiqu\u00e9 le minist\u00e8re de l&rsquo;Int\u00e9rieur.<\/p>\n<p>L&rsquo;un des bless\u00e9s est soup\u00e7onn\u00e9 d&rsquo;\u00eatre l&rsquo;incendiaire, il est par ailleurs r\u00e9sident. Il est donc probable qu&rsquo;il s&rsquo;agisse d&rsquo;un r\u00e8glement de comptes interne, a-t-il ajout\u00e9, \u00e9voquant la mise en garde \u00e0 vue de l&rsquo;individu concern\u00e9 dans un d\u00e9lai proche.<\/p>\n<p>Selon les premiers \u00e9l\u00e9ments de l&rsquo;enqu\u00eate, des traces de combustibles et d&rsquo;acc\u00e9l\u00e9rateur de feu ont \u00e9t\u00e9 retrouv\u00e9es dans le hall d&rsquo;entr\u00e9e de ce b\u00e2timent de six \u00e9tages.<\/p>\n<p>Des structures d&rsquo;accueil de migrants ou de personnes sans domicile fixe ont \u00e9t\u00e9 la cible d&rsquo;incendies ces derniers mois en France. Cela a \u00e9t\u00e9 le cas dans le riche XVIe arrondissement de Paris et dans la bourgade cossue de Forges-les-Bains, au sud-est de la capitale, alors que se sont multipli\u00e9s les d\u00e9mant\u00e8lements de camps de migrants depuis l&rsquo;an dernier \u00e0 Paris.<\/p>\n<p>Vendredi encore, environ 300 migrants, dont des Soudanais, des Afghans et des \u00c9rythr\u00e9ens ont \u00e9t\u00e9 \u00e9vacu\u00e9s d&rsquo;un camp install\u00e9 aux portes de la capitale, \u00e0 Saint-Denis (nord).<\/p>\n<p>J&rsquo;ai risqu\u00e9 ma vie pour venir ici. J&rsquo;ai travers\u00e9 la Libye et la mer pour retrouver mes droits, raconte Khaled Abdallah, Libyen, 22 ans, qui semble soulag\u00e9 \u00e0 l&rsquo;id\u00e9e d&rsquo;\u00eatre enfin pris en charge. Je ne m&rsquo;attendais pas \u00e0 ce que se soit aussi dur, le froid, l&rsquo;humidit\u00e9, avoue-t-il.<\/p>\n<p>Ils seront install\u00e9s provisoirement dans trois gymnases.<\/p>\n<p>Une trentaine de camps sauvages de migrants ont \u00e9t\u00e9 d\u00e9mantel\u00e9s dans la capitale depuis l&rsquo;an dernier. Pour tenter de trouver une solution viable, la mairie a ouvert \u00e0 la mi-novembre un centre d&rsquo;accueil d&rsquo;une capacit\u00e9 d&rsquo;accueil de 400 lits, qui s&rsquo;est vite r\u00e9v\u00e9l\u00e9e insuffisante. Les migrants y sont h\u00e9berg\u00e9s quelque temps avant d&rsquo;\u00eatre orient\u00e9s vers des structures plus p\u00e9rennes.<\/p>\n<p>Son ouverture avait \u00e9t\u00e9 conditionn\u00e9e \u00e0 l&rsquo;\u00e9vacuation du plus grand camp de migrants parisien install\u00e9 place Stalingrad, dans le nord-est de la capitale. Le camp, qui comptait alors plus de 3.800 personnes, avait \u00e9t\u00e9 \u00e9vacu\u00e9 le 4 novembre, dans la foul\u00e9e du d\u00e9mant\u00e8lement de la Jungle de Calais, dans le nord de la France o\u00f9 se trouvaient alors un peu plus de 7.000 migrants d\u00e9sireux de passer en Angleterre. (AFP)<\/p>\n","protected":false},"excerpt":{"rendered":"<p>Le feu s&rsquo;est d\u00e9clar\u00e9 dans la nuit de jeudi \u00e0 vendredi dans ce centre, qui accueille des travailleurs immigr\u00e9s vivant seuls et en situation r\u00e9guli\u00e8re, venus notamment d&rsquo;Afrique subsaharienne francophone, \u00e0 Boulogne-Billancourt, une banlieue bourgeoise de l&rsquo;ouest parisien, selon des sources polici\u00e8res. Une personne, qui s&rsquo;\u00e9tait d\u00e9fenestr\u00e9e, est morte, a indiqu\u00e9 la pr\u00e9fecture de police. [&hellip;]<\/p>\n","protected":false},"author":1,"featured_media":0,"comment_status":"open","ping_status":"closed","sticky":false,"template":"","format":"standard","meta":{"footnotes":""},"categories":[30],"tags":[244],"class_list":["post-2523","post","type-post","status-publish","format-standard","hentry","category-actualite","tag-migrants"],"aioseo_notices":[],"_links":{"self":[{"href":"https:\/\/www.culturalusa.com\/news\/wp-json\/wp\/v2\/posts\/2523","targetHints":{"allow":["GET"]}}],"collection":[{"href":"https:\/\/www.culturalusa.com\/news\/wp-json\/wp\/v2\/posts"}],"about":[{"href":"https:\/\/www.culturalusa.com\/news\/wp-json\/wp\/v2\/types\/post"}],"author":[{"embeddable":true,"href":"https:\/\/www.culturalusa.com\/news\/wp-json\/wp\/v2\/users\/1"}],"replies":[{"embeddable":true,"href":"https:\/\/www.culturalusa.com\/news\/wp-json\/wp\/v2\/comments?post=2523"}],"version-history":[{"count":0,"href":"https:\/\/www.culturalusa.com\/news\/wp-json\/wp\/v2\/posts\/2523\/revisions"}],"wp:attachment":[{"href":"https:\/\/www.culturalusa.com\/news\/wp-json\/wp\/v2\/media?parent=2523"}],"wp:term":[{"taxonomy":"category","embeddable":true,"href":"https:\/\/www.culturalusa.com\/news\/wp-json\/wp\/v2\/categories?post=2523"},{"taxonomy":"post_tag","embeddable":true,"href":"https:\/\/www.culturalusa.com\/news\/wp-json\/wp\/v2\/tags?post=2523"}],"curies":[{"name":"wp","href":"https:\/\/api.w.org\/{rel}","templated":true}]}}