{"id":2524,"date":"2016-12-17T15:09:39","date_gmt":"2016-12-17T14:09:39","guid":{"rendered":"http:\/\/www.culturalusa.com\/news\/?p=2524"},"modified":"2016-12-17T15:09:39","modified_gmt":"2016-12-17T14:09:39","slug":"nette-amelioration-du-climat-des-affaires-en-france-au-mois-de-decembre","status":"publish","type":"post","link":"https:\/\/www.culturalusa.com\/news\/economie\/nette-amelioration-du-climat-des-affaires-en-france-au-mois-de-decembre\/","title":{"rendered":"Nette am\u00e9lioration du climat des affaires en France au mois de d\u00e9cembre"},"content":{"rendered":"<p><img loading=\"lazy\" decoding=\"async\" src=\"http:\/\/www.culturalusa.com\/news\/wp-content\/uploads\/2016\/06\/economie-euro-480x352-480x352-480x352.jpg\" alt=\"affaires\" width=\"470\" height=\"300\" class=\"aligncenter size-large wp-image-2410\" \/>Le climat des affaires s&rsquo;est nettement am\u00e9lior\u00e9 en d\u00e9cembre, dans tous les secteurs \u00e0 l&rsquo;exception de celui du b\u00e2timent, a indiqu\u00e9 vendredi l&rsquo;Insee.<\/p>\n<p>L&rsquo;indicateur, calcul\u00e9 \u00e0 partir des r\u00e9ponses des chefs d&rsquo;entreprise des principaux secteurs d&rsquo;activit\u00e9, s&rsquo;est \u00e9tabli \u00e0 105 points, contre 102 en novembre, a indiqu\u00e9 l&rsquo;institut statistique dans un communiqu\u00e9.<\/p>\n<p>\u00ab\u00a0Il se situe cinq points au-dessus de sa moyenne de long terme, atteignant ainsi un plus haut depuis l&rsquo;\u00e9t\u00e9 2011\u00a0\u00bb, pr\u00e9cise l&rsquo;Insee.<\/p>\n<p>Par secteur d&rsquo;activit\u00e9, l&rsquo;indice augmente de quatre points dans l&rsquo;industrie manufacturi\u00e8re, l&rsquo;opinion des industriels sur les perspectives g\u00e9n\u00e9rales de production du secteur continuant de s&rsquo;am\u00e9liorer. \u00ab\u00a0En d\u00e9cembre, les soldes sur les carnets de commandes globaux et \u00e9trangers augmentent, alors qu&rsquo;ils \u00e9taient d\u00e9j\u00e0 au-dessus de leur moyenne depuis mi-2015\u00a0\u00bb, indique l&rsquo;institut.<\/p>\n<p>Dans les services, l&rsquo;indice gagne aussi quatre points. A noter, une am\u00e9lioration du climat dans l&rsquo;h\u00e9bergement-restauration, fortement touch\u00e9 par les cons\u00e9quences des attentats.<\/p>\n<p>Dans le secteur du commerce, l&rsquo;indicateur a progress\u00e9 de trois points, \u00ab\u00a0retrouvant son plus haut niveau depuis mars 2008\u00a0\u00bb. Les perspectives d&rsquo;activit\u00e9 sont prometteuses.<\/p>\n<p>Seule ombre au tableau, le secteur du b\u00e2timent o\u00f9 le climat s&rsquo;alt\u00e8re l\u00e9g\u00e8rement, perdant un point \u00e0 98 points et se \u00ab\u00a0trouvant un peu au-dessous de sa moyenne de long terme\u00a0\u00bb.<\/p>\n<p>Selon l&rsquo;Insee, \u00ab\u00a0les entrepreneurs sont plus nombreux \u00e0 consid\u00e9rer que leurs carnets de commandes sont peu garnis pour la p\u00e9riode\u00a0\u00bb. Par ailleurs, \u00ab\u00a0le taux d&rsquo;utilisation des capacit\u00e9s de production baisse l\u00e9g\u00e8rement en d\u00e9cembre\u00a0\u00bb, alors qu&rsquo;il se redressait depuis d\u00e9but 2015. (AFP)<\/p>\n","protected":false},"excerpt":{"rendered":"<p>Le climat des affaires s&rsquo;est nettement am\u00e9lior\u00e9 en d\u00e9cembre, dans tous les secteurs \u00e0 l&rsquo;exception de celui du b\u00e2timent, a indiqu\u00e9 vendredi l&rsquo;Insee. L&rsquo;indicateur, calcul\u00e9 \u00e0 partir des r\u00e9ponses des chefs d&rsquo;entreprise des principaux secteurs d&rsquo;activit\u00e9, s&rsquo;est \u00e9tabli \u00e0 105 points, contre 102 en novembre, a indiqu\u00e9 l&rsquo;institut statistique dans un communiqu\u00e9. \u00ab\u00a0Il se situe [&hellip;]<\/p>\n","protected":false},"author":1,"featured_media":0,"comment_status":"open","ping_status":"closed","sticky":false,"template":"","format":"standard","meta":{"footnotes":""},"categories":[1],"tags":[581,582],"class_list":["post-2524","post","type-post","status-publish","format-standard","hentry","category-economie","tag-affaires-en-france","tag-insee"],"aioseo_notices":[],"_links":{"self":[{"href":"https:\/\/www.culturalusa.com\/news\/wp-json\/wp\/v2\/posts\/2524","targetHints":{"allow":["GET"]}}],"collection":[{"href":"https:\/\/www.culturalusa.com\/news\/wp-json\/wp\/v2\/posts"}],"about":[{"href":"https:\/\/www.culturalusa.com\/news\/wp-json\/wp\/v2\/types\/post"}],"author":[{"embeddable":true,"href":"https:\/\/www.culturalusa.com\/news\/wp-json\/wp\/v2\/users\/1"}],"replies":[{"embeddable":true,"href":"https:\/\/www.culturalusa.com\/news\/wp-json\/wp\/v2\/comments?post=2524"}],"version-history":[{"count":0,"href":"https:\/\/www.culturalusa.com\/news\/wp-json\/wp\/v2\/posts\/2524\/revisions"}],"wp:attachment":[{"href":"https:\/\/www.culturalusa.com\/news\/wp-json\/wp\/v2\/media?parent=2524"}],"wp:term":[{"taxonomy":"category","embeddable":true,"href":"https:\/\/www.culturalusa.com\/news\/wp-json\/wp\/v2\/categories?post=2524"},{"taxonomy":"post_tag","embeddable":true,"href":"https:\/\/www.culturalusa.com\/news\/wp-json\/wp\/v2\/tags?post=2524"}],"curies":[{"name":"wp","href":"https:\/\/api.w.org\/{rel}","templated":true}]}}