{"id":2540,"date":"2016-12-27T11:21:31","date_gmt":"2016-12-27T10:21:31","guid":{"rendered":"http:\/\/www.culturalusa.com\/news\/?p=2540"},"modified":"2025-09-27T17:26:19","modified_gmt":"2025-09-27T15:26:19","slug":"le-president-tcheque-zeman-refuse-daccueillir-des-migrants-musulmans","status":"publish","type":"post","link":"https:\/\/www.culturalusa.com\/news\/actualite\/le-president-tcheque-zeman-refuse-daccueillir-des-migrants-musulmans\/","title":{"rendered":"Le pr\u00e9sident tch\u00e8que Zeman refuse d&rsquo;accueillir des migrants musulmans"},"content":{"rendered":"<h2>Selon Milos Zeman, accueillir des migrants d&rsquo;origine musulmane signifierait cr\u00e9er \u00ab\u00a0un bouillon de culture susceptible de cr\u00e9er d&rsquo;\u00e9ventuelles attaques terroristes\u00a0\u00bb.<\/h2>\n<blockquote><p>Le pr\u00e9sident tch\u00e8que Milos Zeman a r\u00e9it\u00e9r\u00e9 dans son message de No\u00ebl diffus\u00e9 lundi son refus d&rsquo;accueillir en R\u00e9publique tch\u00e8que des \u00ab\u00a0migrants musulmans\u00a0\u00bb, s&rsquo;en prenant aussi \u00e0 la direction de l&rsquo;UE, selon lui, \u00ab\u00a0impuissante et bureaucratique\u00a0\u00bb.<\/p><\/blockquote>\n<p>\u00ab\u00a0Accueillir les migrants musulmans, difficiles \u00e0 int\u00e9grer sur notre territoire, signifierait cr\u00e9er un bouillon de culture (susceptible de cr\u00e9er) d&rsquo;\u00e9ventuelles attaques terroristes\u00a0\u00bb, a-t-il affirm\u00e9 dans son message diffus\u00e9 sur plusieurs cha\u00eenes de t\u00e9l\u00e9vision.<\/p>\n<p>Lien entre \u00ab\u00a0vague migratoire\u00a0\u00bb et \u00ab\u00a0attaques terroristes\u00a0\u00bb ? \u00ab\u00a0Presque personne ne doute plus aujourd&rsquo;hui d&rsquo;un lien entre la vague migratoire et les attaques terroristes\u00a0\u00bb, a ajout\u00e9 le pr\u00e9sident, \u00e9lu \u00e0 la t\u00eate du pays d\u00e9but 2013.<\/p>\n<p>\u00ab\u00a0C&rsquo;est pourquoi je m&rsquo;oppose \u00e0 l&rsquo;id\u00e9e selon laquelle il serait bon d&rsquo;accueillir sur notre territoire dans les deux ann\u00e9es \u00e0 venir quelque 6.200 migrants sur une soi-disant base volontaire, ce qui est presque la m\u00eame chose que des quotas obligatoires\u00a0\u00bb, a-t-il ajout\u00e9.<\/p>\n<p>Le chef de l&rsquo;Etat tch\u00e8que s&rsquo;est en revanche prononc\u00e9 en faveur d&rsquo;une \u00ab\u00a0aide aux migrants dans leur pays d&rsquo;origine ou dans des pays voisins\u00a0\u00bb, tout comme pour une assistance \u00e0 l&rsquo;Italie et la Gr\u00e8ce, des pays qui \u00ab\u00a0font face \u00e0 la vague migratoire\u00a0\u00bb.<\/p>\n<p>Une Union europ\u00e9enne \u00ab\u00a0impuissante et bureaucratique\u00a0\u00bb. Milos Zeman a \u00e9galement fustig\u00e9 \u00ab\u00a0l&rsquo;actuelle direction de l&rsquo;Union europ\u00e9enne\u00a0\u00bb.<\/p>\n<p>\u00ab\u00a0La plus grande partie de la faute (du Brexit) incombe \u00e0 l&rsquo;actuelle direction de l&rsquo;UE qui est absolument impuissante et bureaucratique, qui est \u00e0 l&rsquo;origine de l&rsquo;\u00e9loignement des citoyens des institutions de l&rsquo;UE et qui n&rsquo;est m\u00eame pas capable de remplir une t\u00e2che aussi fondamentale, qui est la sienne, de prot\u00e9ger la fronti\u00e8re ext\u00e9rieure de l&rsquo;UE\u00a0\u00bb, a affirm\u00e9 le pr\u00e9sident tch\u00e8que. (AFP)<\/p>\n","protected":false},"excerpt":{"rendered":"<p>Selon Milos Zeman, accueillir des migrants d&rsquo;origine musulmane signifierait cr\u00e9er \u00ab\u00a0un bouillon de culture susceptible de cr\u00e9er d&rsquo;\u00e9ventuelles attaques terroristes\u00a0\u00bb. Le pr\u00e9sident tch\u00e8que Milos Zeman a r\u00e9it\u00e9r\u00e9 dans son message de No\u00ebl diffus\u00e9 lundi son refus d&rsquo;accueillir en R\u00e9publique tch\u00e8que des \u00ab\u00a0migrants musulmans\u00a0\u00bb, s&rsquo;en prenant aussi \u00e0 la direction de l&rsquo;UE, selon lui, \u00ab\u00a0impuissante et [&hellip;]<\/p>\n","protected":false},"author":1,"featured_media":2219,"comment_status":"open","ping_status":"closed","sticky":false,"template":"","format":"standard","meta":{"footnotes":""},"categories":[30],"tags":[595,437,596],"class_list":["post-2540","post","type-post","status-publish","format-standard","has-post-thumbnail","hentry","category-actualite","tag-migrants-musulmans","tag-milos-zeman","tag-president-tcheque"],"aioseo_notices":[],"_links":{"self":[{"href":"https:\/\/www.culturalusa.com\/news\/wp-json\/wp\/v2\/posts\/2540","targetHints":{"allow":["GET"]}}],"collection":[{"href":"https:\/\/www.culturalusa.com\/news\/wp-json\/wp\/v2\/posts"}],"about":[{"href":"https:\/\/www.culturalusa.com\/news\/wp-json\/wp\/v2\/types\/post"}],"author":[{"embeddable":true,"href":"https:\/\/www.culturalusa.com\/news\/wp-json\/wp\/v2\/users\/1"}],"replies":[{"embeddable":true,"href":"https:\/\/www.culturalusa.com\/news\/wp-json\/wp\/v2\/comments?post=2540"}],"version-history":[{"count":2,"href":"https:\/\/www.culturalusa.com\/news\/wp-json\/wp\/v2\/posts\/2540\/revisions"}],"predecessor-version":[{"id":13820,"href":"https:\/\/www.culturalusa.com\/news\/wp-json\/wp\/v2\/posts\/2540\/revisions\/13820"}],"wp:featuredmedia":[{"embeddable":true,"href":"https:\/\/www.culturalusa.com\/news\/wp-json\/wp\/v2\/media\/2219"}],"wp:attachment":[{"href":"https:\/\/www.culturalusa.com\/news\/wp-json\/wp\/v2\/media?parent=2540"}],"wp:term":[{"taxonomy":"category","embeddable":true,"href":"https:\/\/www.culturalusa.com\/news\/wp-json\/wp\/v2\/categories?post=2540"},{"taxonomy":"post_tag","embeddable":true,"href":"https:\/\/www.culturalusa.com\/news\/wp-json\/wp\/v2\/tags?post=2540"}],"curies":[{"name":"wp","href":"https:\/\/api.w.org\/{rel}","templated":true}]}}