{"id":2546,"date":"2017-01-18T01:37:13","date_gmt":"2017-01-18T00:37:13","guid":{"rendered":"http:\/\/www.culturalusa.com\/news\/?p=2546"},"modified":"2020-11-04T15:07:50","modified_gmt":"2020-11-04T14:07:50","slug":"stockage-dechets-nucleaires-le-portugal-porte-plainte-contre-lespagne","status":"publish","type":"post","link":"https:\/\/www.culturalusa.com\/news\/portugal\/stockage-dechets-nucleaires-le-portugal-porte-plainte-contre-lespagne\/","title":{"rendered":"Stockage d\u00e9chets nucl\u00e9aires: le Portugal porte plainte contre l&rsquo;Espagne"},"content":{"rendered":"<p>Le gouvernement portugais a d\u00e9pos\u00e9 une plainte aupr\u00e8s de la Commission europ\u00e9enne, accusant l&rsquo;Espagne d&rsquo;avoir d\u00e9cid\u00e9 de stocker des d\u00e9chets nucl\u00e9aires \u00e0 100 km de sa fronti\u00e8re, sans avoir \u00e9valu\u00e9 l&rsquo;impact environnemental sur son voisin ib\u00e9rique. \u00ab\u00a0La plainte a \u00e9t\u00e9 d\u00e9pos\u00e9e lundi apr\u00e8s-midi\u00a0\u00bb, a indiqu\u00e9 \u00e0 l&rsquo;AFP un porte-parole du minist\u00e8re portugais de l&rsquo;Environnement, sans autre pr\u00e9cision.<\/p>\n<p>Ce recours \u00e0 l&rsquo;arbitrage de Bruxelles est \u00ab\u00a0normal quand il y a des interpr\u00e9tations divergentes de la l\u00e9gislation communautaire\u00a0\u00bb, a fait valoir le minist\u00e8re portugais des Affaires \u00e9trang\u00e8res, en assurant que cette plainte \u00ab\u00a0ne remet pas en cause les bonnes relations bilat\u00e9rales entre le Portugal et l&rsquo;Espagne\u00a0\u00bb.<\/p>\n<p>Le diff\u00e9rend opposant Lisbonne et Madrid a \u00e9t\u00e9 provoqu\u00e9 par la d\u00e9cision prise \u00e0 la fin d\u00e9cembre par le gouvernement espagnol d&rsquo;autoriser la construction d&rsquo;un d\u00e9p\u00f4t de d\u00e9chets nucl\u00e9aires sur le site de la centrale d&rsquo;Almaraz (centre-ouest).<\/p>\n<p>D&rsquo;apr\u00e8s le gouvernement portugais, Madrid aurait ainsi viol\u00e9 une directive europ\u00e9enne datant de 2014 qui oblige les Etats membres \u00e0 \u00ab\u00a0entamer des consultations\u00a0\u00bb sur \u00ab\u00a0les incidences transfrontali\u00e8res potentielles\u00a0\u00bb sur l&rsquo;environnement de leurs projets publics. \u00ab\u00a0Nous respecterons la d\u00e9cision du Portugal et nous attendrons la d\u00e9cision de Bruxelles\u00a0\u00bb, avait indiqu\u00e9 jeudi \u00e0 l&rsquo;AFP un porte-parole du minist\u00e8re espagnol de l&rsquo;Energie, apr\u00e8s une r\u00e9union infructueuse \u00e0 Madrid sur ce sujet avec le ministre portugais de l&rsquo;Environnement Joao Matos Fernandes.<\/p>\n<p>Interrog\u00e9 vendredi, un porte-parole de la Commission europ\u00e9enne avait d\u00e9clar\u00e9 que Bruxelles \u00ab\u00a0comprend les pr\u00e9occupations exprim\u00e9es par les autorit\u00e9s portugaises\u00a0\u00bb, sans vouloir commenter le fond de l&rsquo;affaire tant que Lisbonne n&rsquo;aurait pas d\u00e9pos\u00e9 une plainte formelle.<\/p>\n<p>A l&rsquo;appel du Mouvement ib\u00e9rique anti-nucl\u00e9aire, environ 200 personnes avaient manifest\u00e9 jeudi devant le consulat d&rsquo;Espagne \u00e0 Lisbonne pour protester contre la construction de ce site de stockage de d\u00e9chets nucl\u00e9aires \u00e0 Almaraz. (AFP)<\/p>\n","protected":false},"excerpt":{"rendered":"<p>Le gouvernement portugais a d\u00e9pos\u00e9 une plainte aupr\u00e8s de la Commission europ\u00e9enne, accusant l&rsquo;Espagne d&rsquo;avoir d\u00e9cid\u00e9 de stocker des d\u00e9chets nucl\u00e9aires \u00e0 100 km de sa fronti\u00e8re, sans avoir \u00e9valu\u00e9 l&rsquo;impact environnemental sur son voisin ib\u00e9rique. \u00ab\u00a0La plainte a \u00e9t\u00e9 d\u00e9pos\u00e9e lundi apr\u00e8s-midi\u00a0\u00bb, a indiqu\u00e9 \u00e0 l&rsquo;AFP un porte-parole du minist\u00e8re portugais de l&rsquo;Environnement, sans [&hellip;]<\/p>\n","protected":false},"author":1,"featured_media":2547,"comment_status":"open","ping_status":"closed","sticky":false,"template":"","format":"standard","meta":{"footnotes":""},"categories":[3],"tags":[600,599],"class_list":["post-2546","post","type-post","status-publish","format-standard","has-post-thumbnail","hentry","category-portugal","tag-centrale-nucleaire-almaraz","tag-dechets-nucleaires"],"aioseo_notices":[],"_links":{"self":[{"href":"https:\/\/www.culturalusa.com\/news\/wp-json\/wp\/v2\/posts\/2546","targetHints":{"allow":["GET"]}}],"collection":[{"href":"https:\/\/www.culturalusa.com\/news\/wp-json\/wp\/v2\/posts"}],"about":[{"href":"https:\/\/www.culturalusa.com\/news\/wp-json\/wp\/v2\/types\/post"}],"author":[{"embeddable":true,"href":"https:\/\/www.culturalusa.com\/news\/wp-json\/wp\/v2\/users\/1"}],"replies":[{"embeddable":true,"href":"https:\/\/www.culturalusa.com\/news\/wp-json\/wp\/v2\/comments?post=2546"}],"version-history":[{"count":0,"href":"https:\/\/www.culturalusa.com\/news\/wp-json\/wp\/v2\/posts\/2546\/revisions"}],"wp:featuredmedia":[{"embeddable":true,"href":"https:\/\/www.culturalusa.com\/news\/wp-json\/wp\/v2\/media\/2547"}],"wp:attachment":[{"href":"https:\/\/www.culturalusa.com\/news\/wp-json\/wp\/v2\/media?parent=2546"}],"wp:term":[{"taxonomy":"category","embeddable":true,"href":"https:\/\/www.culturalusa.com\/news\/wp-json\/wp\/v2\/categories?post=2546"},{"taxonomy":"post_tag","embeddable":true,"href":"https:\/\/www.culturalusa.com\/news\/wp-json\/wp\/v2\/tags?post=2546"}],"curies":[{"name":"wp","href":"https:\/\/api.w.org\/{rel}","templated":true}]}}