{"id":2548,"date":"2017-01-18T01:49:59","date_gmt":"2017-01-18T00:49:59","guid":{"rendered":"http:\/\/www.culturalusa.com\/news\/?p=2548"},"modified":"2025-06-26T17:13:23","modified_gmt":"2025-06-26T15:13:23","slug":"le-gouvernement-portugais-ramene-son-deficit-public-a-23-du-pib-en-2016","status":"publish","type":"post","link":"https:\/\/www.culturalusa.com\/news\/economie\/le-gouvernement-portugais-ramene-son-deficit-public-a-23-du-pib-en-2016\/","title":{"rendered":"Le Gouvernement portugais ram\u00e8ne son d\u00e9ficit public \u00e0 2,3% du PIB en 2016"},"content":{"rendered":"<h2>Le Portugal a r\u00e9ussi \u00e0 ramener son d\u00e9ficit public \u00e0 2,3% du PIB en 2016, contre 4,4% l&rsquo;ann\u00e9e pr\u00e9c\u00e9dente, a annonc\u00e9 mardi le Premier ministre socialiste Antonio Costa, se f\u00e9licitant d&rsquo;avoir atteint \u00ab\u00a0le d\u00e9ficit le plus bas\u00a0\u00bb depuis l&rsquo;av\u00e8nement de la d\u00e9mocratie en 1974.<\/h2>\n<blockquote><p>\u00ab\u00a0Avec les chiffres dont nous disposons aujourd&rsquo;hui, je peux assurer que le d\u00e9ficit de 2016 ne sera pas sup\u00e9rieur \u00e0 2,3%\u00a0\u00bb, passant ainsi sous la barre des 3% fix\u00e9e par les r\u00e8gles europ\u00e9ennes, a-t-il d\u00e9clar\u00e9 devant le Parlement.<\/p><\/blockquote>\n<p>Ce r\u00e9sultat permettra \u00e0 Lisbonne de respecter \u00ab\u00a0confortablement\u00a0\u00bb ses engagements aupr\u00e8s de Bruxelles et \u00ab\u00a0sortir de la proc\u00e9dure pour d\u00e9ficit excessif\u00a0\u00bb, a-t-il ajout\u00e9. Le chiffre d\u00e9finitif du d\u00e9ficit public pour 2016 ne sera toutefois publi\u00e9 que le 24 mars par l&rsquo;Institut national des statistiques.<\/p>\n<p>Antonio Costa est arriv\u00e9 au pouvoir en novembre 2015 gr\u00e2ce au soutien parlementaire de la gauche radicale, en promettant de mettre fin \u00e0 la politique d&rsquo;aust\u00e9rit\u00e9 budg\u00e9taire mise en oeuvre par le pr\u00e9c\u00e9dent gouvernement de centre droit.<\/p>\n<p>\u00ab\u00a0Au bout du compte, il y avait bien une alternative. Et une alternative avec de meilleurs r\u00e9sultats\u00a0\u00bb, a-t-il fait valoir, accusant son pr\u00e9d\u00e9cesseur Pedro Passos Coelho d&rsquo;avoir \u00ab\u00a0rat\u00e9 tous les objectifs de d\u00e9ficit apr\u00e8s avoir coup\u00e9 dans les pensions, les salaires et les aides sociales\u00a0\u00bb.<\/p>\n<p>Le gouvernement socialiste est revenu sur une s\u00e9rie de mesures de rigueur instaur\u00e9es par la droite en \u00e9change d&rsquo;un plan d&rsquo;aide financi\u00e8re internationale accord\u00e9 en 2011.<\/p>\n<p>Mais, afin de r\u00e9pondre aux exigences de Bruxelles, l&rsquo;ex\u00e9cutif a aussi instaur\u00e9 une s\u00e9rie de hausses d&rsquo;imp\u00f4ts indirects (alcool, tabac, automobile) et mis un frein \u00e0 l&rsquo;investissement public.<\/p>\n","protected":false},"excerpt":{"rendered":"<p>Le Portugal a r\u00e9ussi \u00e0 ramener son d\u00e9ficit public \u00e0 2,3% du PIB en 2016, contre 4,4% l&rsquo;ann\u00e9e pr\u00e9c\u00e9dente, a annonc\u00e9 mardi le Premier ministre socialiste Antonio Costa, se f\u00e9licitant d&rsquo;avoir atteint \u00ab\u00a0le d\u00e9ficit le plus bas\u00a0\u00bb depuis l&rsquo;av\u00e8nement de la d\u00e9mocratie en 1974. \u00ab\u00a0Avec les chiffres dont nous disposons aujourd&rsquo;hui, je peux assurer que [&hellip;]<\/p>\n","protected":false},"author":1,"featured_media":2167,"comment_status":"open","ping_status":"closed","sticky":false,"template":"","format":"standard","meta":{"footnotes":""},"categories":[1],"tags":[601,178,403],"class_list":["post-2548","post","type-post","status-publish","format-standard","has-post-thumbnail","hentry","category-economie","tag-deficit-public","tag-pib","tag-premier-ministre-portugais"],"aioseo_notices":[],"_links":{"self":[{"href":"https:\/\/www.culturalusa.com\/news\/wp-json\/wp\/v2\/posts\/2548","targetHints":{"allow":["GET"]}}],"collection":[{"href":"https:\/\/www.culturalusa.com\/news\/wp-json\/wp\/v2\/posts"}],"about":[{"href":"https:\/\/www.culturalusa.com\/news\/wp-json\/wp\/v2\/types\/post"}],"author":[{"embeddable":true,"href":"https:\/\/www.culturalusa.com\/news\/wp-json\/wp\/v2\/users\/1"}],"replies":[{"embeddable":true,"href":"https:\/\/www.culturalusa.com\/news\/wp-json\/wp\/v2\/comments?post=2548"}],"version-history":[{"count":2,"href":"https:\/\/www.culturalusa.com\/news\/wp-json\/wp\/v2\/posts\/2548\/revisions"}],"predecessor-version":[{"id":13497,"href":"https:\/\/www.culturalusa.com\/news\/wp-json\/wp\/v2\/posts\/2548\/revisions\/13497"}],"wp:featuredmedia":[{"embeddable":true,"href":"https:\/\/www.culturalusa.com\/news\/wp-json\/wp\/v2\/media\/2167"}],"wp:attachment":[{"href":"https:\/\/www.culturalusa.com\/news\/wp-json\/wp\/v2\/media?parent=2548"}],"wp:term":[{"taxonomy":"category","embeddable":true,"href":"https:\/\/www.culturalusa.com\/news\/wp-json\/wp\/v2\/categories?post=2548"},{"taxonomy":"post_tag","embeddable":true,"href":"https:\/\/www.culturalusa.com\/news\/wp-json\/wp\/v2\/tags?post=2548"}],"curies":[{"name":"wp","href":"https:\/\/api.w.org\/{rel}","templated":true}]}}