{"id":2552,"date":"2017-01-21T02:59:03","date_gmt":"2017-01-21T01:59:03","guid":{"rendered":"http:\/\/www.culturalusa.com\/news\/?p=2552"},"modified":"2025-09-27T17:33:37","modified_gmt":"2025-09-27T15:33:37","slug":"donald-trump-45e-chef-de-letat-americain-lamerique-dabord","status":"publish","type":"post","link":"https:\/\/www.culturalusa.com\/news\/actualite\/donald-trump-45e-chef-de-letat-americain-lamerique-dabord\/","title":{"rendered":"Donald Trump 45e chef de l&rsquo;Etat am\u00e9ricain: L&rsquo;Am\u00e9rique d&rsquo;abord"},"content":{"rendered":"<h2>Video &#8211; Donald Trump a pr\u00eat\u00e9 serment face \u00e0 plusieurs centaines de milliers d&rsquo;Am\u00e9ricains r\u00e9unis \u00e0 Washington (Etats-Unis) pour assister \u00e0 sa c\u00e9r\u00e9monie d&rsquo;investiture, vendredi 20 janvier.<\/h2>\n<blockquote><p>Le nouveau locataire de la Maison Blanche a prononc\u00e9 son premier discours en tant que pr\u00e9sident am\u00e9ricain, insistant sur sa volont\u00e9 de faire prosp\u00e9rer le pays.<\/p><\/blockquote>\n<p>Donald Trump a commenc\u00e9 par dresser un bilan s\u00e9v\u00e8re de la situation aux \u00e9tats-Unis. \u00ab\u00a0Pendant trop longtemps, une petite \u00e9lite de notre capitale a pu profiter des ors de la R\u00e9publique, mais pas le peuple. Washington a prosp\u00e9r\u00e9, mais le peuple n&rsquo;en a pas profit\u00e9, a estim\u00e9 le pr\u00e9sident am\u00e9ricain. Tout cela va changer, ici et maintenant, car ce moment vous appartient.\u00a0\u00bb<\/p>\n<h3>\u00ab\u00a0L&rsquo;Am\u00e9rique d&rsquo;abord\u00a0\u00bb<\/h3>\n<p>Donald Trump a ensuite rappel\u00e9 sa volont\u00e9 d&rsquo;adopter une politique tr\u00e8s protectionniste. \u00ab\u00a0Toutes les d\u00e9cisions seront prises pour b\u00e9n\u00e9ficier aux travailleurs am\u00e9ricains, aux familles am\u00e9ricaines, a martel\u00e9 le nouveau chef de l&rsquo;Etat. Nous suivrons deux r\u00e8gles : acheter am\u00e9ricain, embaucher am\u00e9ricain !\u00a0\u00bb<\/p>\n<p>\u00ab\u00a0C&rsquo;est une autre vision qui r\u00e9gira notre pays : ce sera l&rsquo;Am\u00e9rique d&rsquo;abord, a conclu le 45e pr\u00e9sident des Etats-Unis. Nous rendrons l&rsquo;Am\u00e9rique forte \u00e0 nouveau, nous rendrons l&rsquo;Am\u00e9rique riche \u00e0 nouveau, nous rendrons l&rsquo;Am\u00e9rique fi\u00e8re \u00e0 nouveau et oui, ensemble, nous rendrons l&rsquo;Am\u00e9rique grande \u00e0 nouveau.\u00a0\u00bb<\/p>\n","protected":false},"excerpt":{"rendered":"<p>Video &#8211; Donald Trump a pr\u00eat\u00e9 serment face \u00e0 plusieurs centaines de milliers d&rsquo;Am\u00e9ricains r\u00e9unis \u00e0 Washington (Etats-Unis) pour assister \u00e0 sa c\u00e9r\u00e9monie d&rsquo;investiture, vendredi 20 janvier. Le nouveau locataire de la Maison Blanche a prononc\u00e9 son premier discours en tant que pr\u00e9sident am\u00e9ricain, insistant sur sa volont\u00e9 de faire prosp\u00e9rer le pays. Donald Trump [&hellip;]<\/p>\n","protected":false},"author":1,"featured_media":8821,"comment_status":"open","ping_status":"closed","sticky":false,"template":"","format":"standard","meta":{"footnotes":""},"categories":[30],"tags":[3469,604],"class_list":["post-2552","post","type-post","status-publish","format-standard","has-post-thumbnail","hentry","category-actualite","tag-amerique-dabord","tag-donald-trump-president"],"aioseo_notices":[],"_links":{"self":[{"href":"https:\/\/www.culturalusa.com\/news\/wp-json\/wp\/v2\/posts\/2552","targetHints":{"allow":["GET"]}}],"collection":[{"href":"https:\/\/www.culturalusa.com\/news\/wp-json\/wp\/v2\/posts"}],"about":[{"href":"https:\/\/www.culturalusa.com\/news\/wp-json\/wp\/v2\/types\/post"}],"author":[{"embeddable":true,"href":"https:\/\/www.culturalusa.com\/news\/wp-json\/wp\/v2\/users\/1"}],"replies":[{"embeddable":true,"href":"https:\/\/www.culturalusa.com\/news\/wp-json\/wp\/v2\/comments?post=2552"}],"version-history":[{"count":2,"href":"https:\/\/www.culturalusa.com\/news\/wp-json\/wp\/v2\/posts\/2552\/revisions"}],"predecessor-version":[{"id":13824,"href":"https:\/\/www.culturalusa.com\/news\/wp-json\/wp\/v2\/posts\/2552\/revisions\/13824"}],"wp:featuredmedia":[{"embeddable":true,"href":"https:\/\/www.culturalusa.com\/news\/wp-json\/wp\/v2\/media\/8821"}],"wp:attachment":[{"href":"https:\/\/www.culturalusa.com\/news\/wp-json\/wp\/v2\/media?parent=2552"}],"wp:term":[{"taxonomy":"category","embeddable":true,"href":"https:\/\/www.culturalusa.com\/news\/wp-json\/wp\/v2\/categories?post=2552"},{"taxonomy":"post_tag","embeddable":true,"href":"https:\/\/www.culturalusa.com\/news\/wp-json\/wp\/v2\/tags?post=2552"}],"curies":[{"name":"wp","href":"https:\/\/api.w.org\/{rel}","templated":true}]}}