{"id":2577,"date":"2017-02-13T02:44:17","date_gmt":"2017-02-13T01:44:17","guid":{"rendered":"http:\/\/www.culturalusa.com\/news\/?p=2577"},"modified":"2020-11-04T15:06:05","modified_gmt":"2020-11-04T14:06:05","slug":"les-prix-au-portugal-accelerent-leur-hausse-en-janvier-13","status":"publish","type":"post","link":"https:\/\/www.culturalusa.com\/news\/portugal\/les-prix-au-portugal-accelerent-leur-hausse-en-janvier-13\/","title":{"rendered":"Les prix au Portugal acc\u00e9l\u00e8rent leur hausse en janvier +1,3%"},"content":{"rendered":"<p>Les prix \u00e0 la consommation au Portugal ont poursuivi leur hausse en janvier, augmentant de 1,3% en glissement annuel apr\u00e8s une progression de 0,9% en d\u00e9cembre, a annonc\u00e9 vendredi l&rsquo;Institut national des Statistiques (Ine).<\/p>\n<p>En variation mensuelle, les prix ont diminu\u00e9 de 0,6% apr\u00e8s une inflation nulle en d\u00e9cembre.<\/p>\n<p>Cette inflation est due surtout \u00e0 la hausse des prix des produits \u00e9nerg\u00e9tiques (+7,4% en janvier), la plus forte depuis 2012, et en particulier des carburants, a indiqu\u00e9 l&rsquo;Ine dans un communiqu\u00e9.<\/p>\n<p>A l&rsquo;inverse, les prix des v\u00eatements et chaussures ont chut\u00e9 de 16,3% apr\u00e8s avoir baiss\u00e9 de 2,4% le mois pr\u00e9c\u00e9dent.<\/p>\n<p>L&rsquo;indice harmonis\u00e9 des prix, qui permet la comparaison avec les autres pays de la zone euro, a \u00e9galement enregistr\u00e9 une hausse de 1,3% sur un an, sup\u00e9rieure \u00e0 celle observ\u00e9e le mois pr\u00e9c\u00e9dent (+0,9%).<\/p>\n<p>Sur les douze derniers mois, cet indice a gagn\u00e9 en moyenne 0,7%, contre une augmentation de 0,6% en d\u00e9cembre. (AFP)<\/p>\n","protected":false},"excerpt":{"rendered":"<p>Les prix \u00e0 la consommation au Portugal ont poursuivi leur hausse en janvier, augmentant de 1,3% en glissement annuel apr\u00e8s une progression de 0,9% en d\u00e9cembre, a annonc\u00e9 vendredi l&rsquo;Institut national des Statistiques (Ine). En variation mensuelle, les prix ont diminu\u00e9 de 0,6% apr\u00e8s une inflation nulle en d\u00e9cembre. Cette inflation est due surtout \u00e0 [&hellip;]<\/p>\n","protected":false},"author":1,"featured_media":880,"comment_status":"open","ping_status":"closed","sticky":false,"template":"","format":"standard","meta":{"footnotes":""},"categories":[3],"tags":[618],"class_list":["post-2577","post","type-post","status-publish","format-standard","has-post-thumbnail","hentry","category-portugal","tag-prix-a-la-consommation-au-portugal"],"aioseo_notices":[],"_links":{"self":[{"href":"https:\/\/www.culturalusa.com\/news\/wp-json\/wp\/v2\/posts\/2577","targetHints":{"allow":["GET"]}}],"collection":[{"href":"https:\/\/www.culturalusa.com\/news\/wp-json\/wp\/v2\/posts"}],"about":[{"href":"https:\/\/www.culturalusa.com\/news\/wp-json\/wp\/v2\/types\/post"}],"author":[{"embeddable":true,"href":"https:\/\/www.culturalusa.com\/news\/wp-json\/wp\/v2\/users\/1"}],"replies":[{"embeddable":true,"href":"https:\/\/www.culturalusa.com\/news\/wp-json\/wp\/v2\/comments?post=2577"}],"version-history":[{"count":0,"href":"https:\/\/www.culturalusa.com\/news\/wp-json\/wp\/v2\/posts\/2577\/revisions"}],"wp:featuredmedia":[{"embeddable":true,"href":"https:\/\/www.culturalusa.com\/news\/wp-json\/wp\/v2\/media\/880"}],"wp:attachment":[{"href":"https:\/\/www.culturalusa.com\/news\/wp-json\/wp\/v2\/media?parent=2577"}],"wp:term":[{"taxonomy":"category","embeddable":true,"href":"https:\/\/www.culturalusa.com\/news\/wp-json\/wp\/v2\/categories?post=2577"},{"taxonomy":"post_tag","embeddable":true,"href":"https:\/\/www.culturalusa.com\/news\/wp-json\/wp\/v2\/tags?post=2577"}],"curies":[{"name":"wp","href":"https:\/\/api.w.org\/{rel}","templated":true}]}}